{"id":46272,"date":"2023-10-10T11:56:50","date_gmt":"2023-10-10T17:56:50","guid":{"rendered":"https:\/\/encuentroinformativo.com.mx\/?p=46272"},"modified":"2023-10-10T11:56:54","modified_gmt":"2023-10-10T17:56:54","slug":"organiza-sedarpa-primer-encuentro-regional-agroecologico-en-cordoba","status":"publish","type":"post","link":"https:\/\/encuentroinformativo.com.mx\/?p=46272","title":{"rendered":"Organiza SEDARPA Primer Encuentro Regional Agroecol\u00f3gico en C\u00f3rdoba"},"content":{"rendered":"\n<p>Xalapa, Ver.- Con el objetivo dar a conocer experiencias de trabajo de productoras y productores para impulsar la producci\u00f3n agropecuaria y pesquera con un enfoque agroecol\u00f3gico, libre de organismos gen\u00e9ticamente modificados y el uso excesivo<br>de agroqu\u00edmicos y plaguicidas, la Secretar\u00eda de Desarrollo Agropecuario, Rural y Pesca (SEDARPA), llevar\u00e1 a cabo el 13 y 14 de octubre el Primer Encuentro Regional Agroecol\u00f3gico en la Ex Hacienda San Francisco Toxpan, en el municipio de C\u00f3rdoba.<\/p>\n\n\n\n<p>Lo anterior, lo dio a conocer el titular de la SEDARPA, Evaristo Ovando Ram\u00edrez, quien<br>informo que este Primer Encuentro Regional Agroecol\u00f3gico, se lleva a cabo en coordinaci\u00f3n<br>con el ayuntamiento de C\u00f3rdoba y est\u00e1 dirigido a las y los productores agr\u00edcolas, pecuarios y pesqueros de la regi\u00f3n centro del estado, con la finalidad de exponer e intercambiar saberes y t\u00e9cnicas de trabajo realizadas a trav\u00e9s de las Escuelas Campesinas que opera la SEDARPA.<\/p>\n\n\n\n<p>El funcionario estatal asever\u00f3 que, bajo el liderazgo del Gobernador del Estado, Cuitl\u00e1huac<br>Garc\u00eda Jim\u00e9nez, Veracruz ha impulsado pol\u00edticas p\u00fablicas enfocadas a la transici\u00f3n de la<br>producci\u00f3n convencional de alimentos hacia uno con enfoque agroecol\u00f3gico m\u00e1s rentable<br>y sostenible para el medio ambiente.<\/p>\n\n\n\n<p>Pol\u00edticas que se han convertido en programas y acciones que han dado resultados notables,<br>y que a trav\u00e9s de este evento se busca mostrar mediante las 315 Escuelas Campesinas<br>que opera la SEDARPA en la zona centro, conformadas por seis mil 994 productoras y<br>productores asesorados y capacitados por 107 extensionistas estatales y 3 promotores de<br>territorio rural, en la elaboraci\u00f3n y aplicaci\u00f3n de bioinsumos, utilizando materiales de la<br>propia localidad, reduciendo notablemente el costo y uso de agroqu\u00edmicos y fertilizantes<br>industriales.<\/p>\n\n\n\n<p>En este evento, tambi\u00e9n habr\u00e1 conferencias y talleres impartidos por investigadores y<br>especialistas del Colegio de Postgraduados (COLPOS), de la Universidad Aut\u00f3noma<br>Chapingo (UACH), del Instituto Nacional de Investigaciones Forestales, Agr\u00edcolas y<br>Pecuarias (INIFAP), y de FIRA, adem\u00e1s de la exhibici\u00f3n de maquinaria, equipos menores<br>e insumos para el campo.<\/p>\n\n\n\n<p>Entre los temas que se presentar\u00e1n en este evento destacan: El Incremento en la producci\u00f3n de caf\u00e9 ar\u00e1bica desde un enfoque agroecol\u00f3gico en la zona de Zongolica; Sistematizaci\u00f3n en el proceso de producci\u00f3n de bioles; Ganader\u00eda sostenible en el Estado de Veracruz, entre otros temas de inter\u00e9s.<\/p>\n\n\n\n<p>Asimismo, el funcionario estatal dijo que a este evento se espera la asistencia de productoras, productores y funcionarios de los estados de Hidalgo, Oaxaca, Chiapas, Tabasco, San Luis Potos\u00ed, Puebla, Tlaxcala, con quienes compartir\u00e1n e intercambiaran experiencias en la producci\u00f3n agropecuaria y pesquera con enfoque agroecol\u00f3gico.<\/p>\n","protected":false},"excerpt":{"rendered":"<p>Xalapa, Ver.- Con el objetivo dar a conocer experiencias de trabajo de productoras y productores para impulsar la producci\u00f3n agropecuaria y pesquera con un enfoque agroecol\u00f3gico, libre de organismos gen\u00e9ticamente modificados y el uso excesivode agroqu\u00edmicos y plaguicidas, la Secretar\u00eda de Desarrollo Agropecuario, Rural y Pesca (SEDARPA), llevar\u00e1 a cabo el 13 y 14 de [&hellip;]<\/p>\n","protected":false},"author":2476,"featured_media":46273,"comment_status":"open","ping_status":"open","sticky":false,"template":"","format":"standard","meta":{"_jetpack_memberships_contains_paid_content":false,"footnotes":""},"categories":[2],"tags":[],"class_list":["post-46272","post","type-post","status-publish","format-standard","has-post-thumbnail","hentry","category-estado"],"jetpack_featured_media_url":"https:\/\/encuentroinformativo.com.mx\/wp-content\/uploads\/2023\/10\/IMG-20231010-WA0035.jpg","jetpack_sharing_enabled":true,"jetpack_likes_enabled":true,"amp_enabled":true,"_links":{"self":[{"href":"https:\/\/encuentroinformativo.com.mx\/index.php?rest_route=\/wp\/v2\/posts\/46272","targetHints":{"allow":["GET"]}}],"collection":[{"href":"https:\/\/encuentroinformativo.com.mx\/index.php?rest_route=\/wp\/v2\/posts"}],"about":[{"href":"https:\/\/encuentroinformativo.com.mx\/index.php?rest_route=\/wp\/v2\/types\/post"}],"author":[{"embeddable":true,"href":"https:\/\/encuentroinformativo.com.mx\/index.php?rest_route=\/wp\/v2\/users\/2476"}],"replies":[{"embeddable":true,"href":"https:\/\/encuentroinformativo.com.mx\/index.php?rest_route=%2Fwp%2Fv2%2Fcomments&post=46272"}],"version-history":[{"count":1,"href":"https:\/\/encuentroinformativo.com.mx\/index.php?rest_route=\/wp\/v2\/posts\/46272\/revisions"}],"predecessor-version":[{"id":46274,"href":"https:\/\/encuentroinformativo.com.mx\/index.php?rest_route=\/wp\/v2\/posts\/46272\/revisions\/46274"}],"wp:featuredmedia":[{"embeddable":true,"href":"https:\/\/encuentroinformativo.com.mx\/index.php?rest_route=\/wp\/v2\/media\/46273"}],"wp:attachment":[{"href":"https:\/\/encuentroinformativo.com.mx\/index.php?rest_route=%2Fwp%2Fv2%2Fmedia&parent=46272"}],"wp:term":[{"taxonomy":"category","embeddable":true,"href":"https:\/\/encuentroinformativo.com.mx\/index.php?rest_route=%2Fwp%2Fv2%2Fcategories&post=46272"},{"taxonomy":"post_tag","embeddable":true,"href":"https:\/\/encuentroinformativo.com.mx\/index.php?rest_route=%2Fwp%2Fv2%2Ftags&post=46272"}],"curies":[{"name":"wp","href":"https:\/\/api.w.org\/{rel}","templated":true}]}}