{"id":46282,"date":"2023-10-10T13:41:23","date_gmt":"2023-10-10T19:41:23","guid":{"rendered":"https:\/\/encuentroinformativo.com.mx\/?p=46282"},"modified":"2023-10-10T13:57:36","modified_gmt":"2023-10-10T19:57:36","slug":"reclaman-proteccion-para-sobreviviente-de-feminicidio","status":"publish","type":"post","link":"https:\/\/encuentroinformativo.com.mx\/?p=46282","title":{"rendered":"Reclaman protecci\u00f3n para sobreviviente de intento de feminicidio"},"content":{"rendered":"\n<p><strong>Dar\u00edo Pale <\/strong><\/p>\n\n\n\n<p>Xalapa, Ver.- Exigen a la Fiscal\u00eda General del Estado (FGE), protecci\u00f3n a sobreviviente de feminicidio, ya que el agresor fue liberado porque s\u00f3lo fue se\u00f1alado por falta administrativa, as\u00ed lo dieron a conocer integrantes de la colectiva Sobrevivientes de Feminicidio.<\/p>\n\n\n\n<p>En conferencia de prensa la representante de la colectiva, Ana Valderrama, refiri\u00f3 que diariamente 12 mujeres son asesinadas en el pa\u00eds, pero no se tiene un estimado de cu\u00e1ntas m\u00e1s logran sobrevivir al delito de feminicidio en grado de tentativa.<\/p>\n\n\n\n<p>&#8220;Si 12 son asesinadas a diario el doble sobrevivimos, as\u00ed mermadas, rotas, decidimos organizarnos para lograr la sanaci\u00f3n y un acceso a la justicia&#8221;, asever\u00f3.<\/p>\n\n\n\n<p>Por otra parte, informaron que este mi\u00e9rcoles se llevar\u00e1 a cabo la audiencia de Estela, quien es una adulta mayor y su audiencia se ha pospuesto en muchas ocasiones.<\/p>\n\n\n\n<p>Su caso se tipific\u00f3 como robo de ganado, pero lo que ella vivi\u00f3 fue un ataque con machete y no tiene ganado.<\/p>\n\n\n\n<p>Y aunque su agresor est\u00e1 preso, va a cumplir dos a\u00f1os privado de su libertad sin haber ido a juicio, por lo que puede ser liberado.<\/p>\n\n\n\n<p>En otro orden de ideas la doctora Victoria, exigi\u00f3 a la Fiscal\u00eda General del Estado, la protecci\u00f3n de una de ellas, ya que su presunto agresor fue liberado y temen por su vida.<\/p>\n\n\n\n<p>Record\u00f3 que fue v\u00edctima de feminicidio en grado de tentativa el pasado 4 de junio &nbsp;de este a\u00f1o cuando se encontraban en Playa del Carmen, Quintana Roo.<\/p>\n\n\n\n<p>&#8220;Lo detuvieron y lo dejaron salir por una falta administrativa y la Fiscal\u00eda dijo que ellos lo iban a poner a disposici\u00f3n, me pidieron dinero por ello y en realidad jam\u00e1s lo hicieron&#8221;, se\u00f1al\u00f3.<br>El presunto agresor, es un m\u00e9dico cirujano que trabaja en Orizaba y est\u00e1 perfectamente localizable.<\/p>\n\n\n\n<p>Indic\u00f3 que en Playa del Carmen fue v\u00edctima de golpes, pero la traslad\u00f3 en contra de su voluntad hasta Orizaba.<\/p>\n\n\n\n<p>Por todo eso, solicit\u00f3 que su caso sea investigado con perspectiva de g\u00e9nero, se le practiquen periciales antropol\u00f3gicas de mec\u00e1nica de lesiones y los que sean necesarios para fundamentar su caso.<\/p>\n","protected":false},"excerpt":{"rendered":"<p>Dar\u00edo Pale Xalapa, Ver.- Exigen a la Fiscal\u00eda General del Estado (FGE), protecci\u00f3n a sobreviviente de feminicidio, ya que el agresor fue liberado porque s\u00f3lo fue se\u00f1alado por falta administrativa, as\u00ed lo dieron a conocer integrantes de la colectiva Sobrevivientes de Feminicidio. En conferencia de prensa la representante de la colectiva, Ana Valderrama, refiri\u00f3 que [&hellip;]<\/p>\n","protected":false},"author":2476,"featured_media":46283,"comment_status":"open","ping_status":"open","sticky":false,"template":"","format":"standard","meta":{"_jetpack_memberships_contains_paid_content":false,"footnotes":""},"categories":[3],"tags":[],"class_list":["post-46282","post","type-post","status-publish","format-standard","has-post-thumbnail","hentry","category-xalapa"],"jetpack_featured_media_url":"https:\/\/encuentroinformativo.com.mx\/wp-content\/uploads\/2023\/10\/IMG-20231010-WA00702.jpg","jetpack_sharing_enabled":true,"jetpack_likes_enabled":true,"amp_enabled":true,"_links":{"self":[{"href":"https:\/\/encuentroinformativo.com.mx\/index.php?rest_route=\/wp\/v2\/posts\/46282","targetHints":{"allow":["GET"]}}],"collection":[{"href":"https:\/\/encuentroinformativo.com.mx\/index.php?rest_route=\/wp\/v2\/posts"}],"about":[{"href":"https:\/\/encuentroinformativo.com.mx\/index.php?rest_route=\/wp\/v2\/types\/post"}],"author":[{"embeddable":true,"href":"https:\/\/encuentroinformativo.com.mx\/index.php?rest_route=\/wp\/v2\/users\/2476"}],"replies":[{"embeddable":true,"href":"https:\/\/encuentroinformativo.com.mx\/index.php?rest_route=%2Fwp%2Fv2%2Fcomments&post=46282"}],"version-history":[{"count":3,"href":"https:\/\/encuentroinformativo.com.mx\/index.php?rest_route=\/wp\/v2\/posts\/46282\/revisions"}],"predecessor-version":[{"id":46292,"href":"https:\/\/encuentroinformativo.com.mx\/index.php?rest_route=\/wp\/v2\/posts\/46282\/revisions\/46292"}],"wp:featuredmedia":[{"embeddable":true,"href":"https:\/\/encuentroinformativo.com.mx\/index.php?rest_route=\/wp\/v2\/media\/46283"}],"wp:attachment":[{"href":"https:\/\/encuentroinformativo.com.mx\/index.php?rest_route=%2Fwp%2Fv2%2Fmedia&parent=46282"}],"wp:term":[{"taxonomy":"category","embeddable":true,"href":"https:\/\/encuentroinformativo.com.mx\/index.php?rest_route=%2Fwp%2Fv2%2Fcategories&post=46282"},{"taxonomy":"post_tag","embeddable":true,"href":"https:\/\/encuentroinformativo.com.mx\/index.php?rest_route=%2Fwp%2Fv2%2Ftags&post=46282"}],"curies":[{"name":"wp","href":"https:\/\/api.w.org\/{rel}","templated":true}]}}