{"id":46285,"date":"2023-10-10T13:51:32","date_gmt":"2023-10-10T19:51:32","guid":{"rendered":"https:\/\/encuentroinformativo.com.mx\/?p=46285"},"modified":"2023-10-10T13:51:37","modified_gmt":"2023-10-10T19:51:37","slug":"pobladores-de-misantla-y-martinez-de-la-torre-reclaman-a-siop-reparacion-de-puente","status":"publish","type":"post","link":"https:\/\/encuentroinformativo.com.mx\/?p=46285","title":{"rendered":"Pobladores de Misantla y Mart\u00ednez de la Torre, reclaman a SIOP reparaci\u00f3n de puente"},"content":{"rendered":"\n<p><strong>Juan Arcos <\/strong><\/p>\n\n\n\n<p>Xalapa, Ver.- Habitantes de Misantla y Mart\u00ednez de la Torre denunciaron que la secretar\u00eda de Infraestructura y Obras P\u00fablicas (SIOP) incumpli\u00f3 con la reparaci\u00f3n del puente Culebras que comunica a ambos municipios.<\/p>\n\n\n\n<p>La tarde del domingo 8 de octubre, decenas de adultos y menores de edad expusieron sus vidas al cruzar el paso provisional que se cae a pedazos por la crecida del afluente.<\/p>\n\n\n\n<p>Personal de la direcci\u00f3n de Protecci\u00f3n Civil de Misantla resguard\u00f3 la zona. Adem\u00e1s, prohibi\u00f3 a las y los ciudadanos usar el paso provisional, debido a que a un costado se observaba la \u201ccorriente fuerte\u201d del r\u00edo Culebras.<\/p>\n\n\n\n<p>El 22 de noviembre del 2021, las lluvias del Frente Fr\u00edo n\u00famero 10 crecieron el r\u00edo Chapa Chapa y el arroyo Culebras, ocasionando el derrumbe del puente sobre la carretera estatal Misantla\u2013Mart\u00ednez de la Torre, a la altura de la comunidad Santa Cruz.<\/p>\n\n\n\n<p>En abril pasado, pobladores de Misantla protestaron para exigir la construcci\u00f3n del puente Culebras al secretario de Infraestructura y Obras P\u00fablicas, Elio Hern\u00e1ndez Guti\u00e9rrez.<\/p>\n\n\n\n<p>La gente pidi\u00f3 la intervenci\u00f3n del gobernador de Veracruz, Cuitl\u00e1huac Garc\u00eda Jim\u00e9nez, para que instruya al Secretario de Infraestructura que cumpla con la obra mencionada para evitar tragedias en la zona.<\/p>\n\n\n\n<p>Temen que los pobladores de Misantla y Mart\u00ednez de la Torre contin\u00faen utilizando el paso provisional, poniendo en peligro su vida.<\/p>\n\n\n\n<p><strong>M\u00c1S AFECTACIONES<\/strong><\/p>\n\n\n\n<p>Recientemente, la Secretar\u00eda de Protecci\u00f3n Civil (PC), a cargo de Guadalupe Osorno Maldomado, inform\u00f3 que en Misantla se mantuvo cerrado a la circulaci\u00f3n el paso provisional del puente Culebras, para evitar deslaves en la zona, pero ya se encuentra nuevamente abierto, siendo vigilado por personal municipal.Al menos 17 municipios de Veracruz presentan afectaciones menores por las lluvias que ocasionadas por el frente fr\u00edo n\u00famero 4.<\/p>\n\n\n\n<p>La mayor\u00eda report\u00f3 alguna afectaci\u00f3n por \u00e1rboles ca\u00eddos, encharcamientos o deslaves, siendo todos atendidos por las fuerzas de tarea de los ayuntamientos correspondientes.<\/p>\n\n\n\n<p>En el municipio de Tuxpan se report\u00f3 un derrumbe a orillas del libramiento de la carretera Costera del Golfo, sin que represente un riesgo para la poblaci\u00f3n.<\/p>\n\n\n\n<p>Adem\u00e1s, en Tamiahua una persona fue evacuada de manera precautoria de su vivienda por un deslizamiento de tierra en la comunidad de Cerro Gordo.<\/p>\n\n\n\n<figure class=\"wp-block-image size-large\"><img loading=\"lazy\" decoding=\"async\" width=\"1024\" height=\"769\" src=\"https:\/\/encuentroinformativo.com.mx\/wp-content\/uploads\/2023\/10\/3eaef2f6-f657-4a3d-9364-94c36e912cec-1024x769.jpg\" alt=\"\" class=\"wp-image-46287\" srcset=\"https:\/\/encuentroinformativo.com.mx\/wp-content\/uploads\/2023\/10\/3eaef2f6-f657-4a3d-9364-94c36e912cec-1024x769.jpg 1024w, https:\/\/encuentroinformativo.com.mx\/wp-content\/uploads\/2023\/10\/3eaef2f6-f657-4a3d-9364-94c36e912cec-300x225.jpg 300w, https:\/\/encuentroinformativo.com.mx\/wp-content\/uploads\/2023\/10\/3eaef2f6-f657-4a3d-9364-94c36e912cec-768x577.jpg 768w, https:\/\/encuentroinformativo.com.mx\/wp-content\/uploads\/2023\/10\/3eaef2f6-f657-4a3d-9364-94c36e912cec.jpg 1080w\" sizes=\"auto, (max-width: 1024px) 100vw, 1024px\" \/><\/figure>\n","protected":false},"excerpt":{"rendered":"<p>Juan Arcos Xalapa, Ver.- Habitantes de Misantla y Mart\u00ednez de la Torre denunciaron que la secretar\u00eda de Infraestructura y Obras P\u00fablicas (SIOP) incumpli\u00f3 con la reparaci\u00f3n del puente Culebras que comunica a ambos municipios. La tarde del domingo 8 de octubre, decenas de adultos y menores de edad expusieron sus vidas al cruzar el paso [&hellip;]<\/p>\n","protected":false},"author":2476,"featured_media":46286,"comment_status":"open","ping_status":"open","sticky":false,"template":"","format":"standard","meta":{"_jetpack_memberships_contains_paid_content":false,"footnotes":""},"categories":[2],"tags":[],"class_list":["post-46285","post","type-post","status-publish","format-standard","has-post-thumbnail","hentry","category-estado"],"jetpack_featured_media_url":"https:\/\/encuentroinformativo.com.mx\/wp-content\/uploads\/2023\/10\/cdf66d39-1878-4f5e-a82f-f629b6d64c3f.jpg","jetpack_sharing_enabled":true,"jetpack_likes_enabled":true,"amp_enabled":true,"_links":{"self":[{"href":"https:\/\/encuentroinformativo.com.mx\/index.php?rest_route=\/wp\/v2\/posts\/46285","targetHints":{"allow":["GET"]}}],"collection":[{"href":"https:\/\/encuentroinformativo.com.mx\/index.php?rest_route=\/wp\/v2\/posts"}],"about":[{"href":"https:\/\/encuentroinformativo.com.mx\/index.php?rest_route=\/wp\/v2\/types\/post"}],"author":[{"embeddable":true,"href":"https:\/\/encuentroinformativo.com.mx\/index.php?rest_route=\/wp\/v2\/users\/2476"}],"replies":[{"embeddable":true,"href":"https:\/\/encuentroinformativo.com.mx\/index.php?rest_route=%2Fwp%2Fv2%2Fcomments&post=46285"}],"version-history":[{"count":1,"href":"https:\/\/encuentroinformativo.com.mx\/index.php?rest_route=\/wp\/v2\/posts\/46285\/revisions"}],"predecessor-version":[{"id":46288,"href":"https:\/\/encuentroinformativo.com.mx\/index.php?rest_route=\/wp\/v2\/posts\/46285\/revisions\/46288"}],"wp:featuredmedia":[{"embeddable":true,"href":"https:\/\/encuentroinformativo.com.mx\/index.php?rest_route=\/wp\/v2\/media\/46286"}],"wp:attachment":[{"href":"https:\/\/encuentroinformativo.com.mx\/index.php?rest_route=%2Fwp%2Fv2%2Fmedia&parent=46285"}],"wp:term":[{"taxonomy":"category","embeddable":true,"href":"https:\/\/encuentroinformativo.com.mx\/index.php?rest_route=%2Fwp%2Fv2%2Fcategories&post=46285"},{"taxonomy":"post_tag","embeddable":true,"href":"https:\/\/encuentroinformativo.com.mx\/index.php?rest_route=%2Fwp%2Fv2%2Ftags&post=46285"}],"curies":[{"name":"wp","href":"https:\/\/api.w.org\/{rel}","templated":true}]}}