{"id":46289,"date":"2023-10-10T14:00:47","date_gmt":"2023-10-10T20:00:47","guid":{"rendered":"https:\/\/encuentroinformativo.com.mx\/?p=46289"},"modified":"2023-10-10T14:00:51","modified_gmt":"2023-10-10T20:00:51","slug":"lluvias-dejaron-afectadas-30-viviendas-en-zona-centro-pc","status":"publish","type":"post","link":"https:\/\/encuentroinformativo.com.mx\/?p=46289","title":{"rendered":"Lluvias dejaron afectadas 30 viviendas en zona centro: PC"},"content":{"rendered":"\n<p><strong>Dar\u00edo Pale <\/strong><\/p>\n\n\n\n<p>Xalapa, Ver.- Fueron en total 30 viviendas afectadas en 17 municipios de todo el Estado, durante el fin de semana a consecuencia de las lluvias, as\u00ed lo inform\u00f3 la titular de la Secretar\u00eda de Protecci\u00f3n Civil del Estado, Guadalupe Osorno Maldonado.<\/p>\n\n\n\n<p>En entrevista, reconoci\u00f3 que el pasado mes de septiembre fue el m\u00e1s seco desde hac\u00eda m\u00e1s de 80 a\u00f1os, por lo que preocupaba que no llegaran lluvias.<\/p>\n\n\n\n<p>Abund\u00f3 que durante el fin de semana hubo reporte de algunas afectaciones aunque afortunadamente s\u00f3lo en algunas viviendas.<\/p>\n\n\n\n<p>En ese sentido, detall\u00f3 que en el municipio de C\u00f3rdoba solamente se registraron afectaciones a 15 casas.<\/p>\n\n\n\n<p>En tanto que en la comunidad de Comalteco, del municipio de Espinal, hubo cuatro viviendas con alg\u00fan tipo de da\u00f1o.<\/p>\n\n\n\n<p>&#8220;S\u00ed hubo momentos y puntos en donde la lluvia fue muy significativa, tuvimos dos zonas en donde las afectaciones por la lluvia fue mayor&#8221;, se\u00f1al\u00f3.<\/p>\n\n\n\n<p>Por \u00faltimo agreg\u00f3 que en la zona norte, en la cuenca del r\u00edo Tuxpan, en el Totonacapan y en las Altas Monta\u00f1as, hubo momentos de lluvias intensas, pero tambi\u00e9n record\u00f3 que las lluvias traen otro tipo de beneficios como para la agricultura.<\/p>\n","protected":false},"excerpt":{"rendered":"<p>Dar\u00edo Pale Xalapa, Ver.- Fueron en total 30 viviendas afectadas en 17 municipios de todo el Estado, durante el fin de semana a consecuencia de las lluvias, as\u00ed lo inform\u00f3 la titular de la Secretar\u00eda de Protecci\u00f3n Civil del Estado, Guadalupe Osorno Maldonado. En entrevista, reconoci\u00f3 que el pasado mes de septiembre fue el m\u00e1s [&hellip;]<\/p>\n","protected":false},"author":2476,"featured_media":46290,"comment_status":"open","ping_status":"open","sticky":false,"template":"","format":"standard","meta":{"_jetpack_memberships_contains_paid_content":false,"footnotes":""},"categories":[2],"tags":[],"class_list":["post-46289","post","type-post","status-publish","format-standard","has-post-thumbnail","hentry","category-estado"],"jetpack_featured_media_url":"https:\/\/encuentroinformativo.com.mx\/wp-content\/uploads\/2023\/10\/IMG-20231010-WA0081.jpg","jetpack_sharing_enabled":true,"jetpack_likes_enabled":true,"amp_enabled":true,"_links":{"self":[{"href":"https:\/\/encuentroinformativo.com.mx\/index.php?rest_route=\/wp\/v2\/posts\/46289","targetHints":{"allow":["GET"]}}],"collection":[{"href":"https:\/\/encuentroinformativo.com.mx\/index.php?rest_route=\/wp\/v2\/posts"}],"about":[{"href":"https:\/\/encuentroinformativo.com.mx\/index.php?rest_route=\/wp\/v2\/types\/post"}],"author":[{"embeddable":true,"href":"https:\/\/encuentroinformativo.com.mx\/index.php?rest_route=\/wp\/v2\/users\/2476"}],"replies":[{"embeddable":true,"href":"https:\/\/encuentroinformativo.com.mx\/index.php?rest_route=%2Fwp%2Fv2%2Fcomments&post=46289"}],"version-history":[{"count":1,"href":"https:\/\/encuentroinformativo.com.mx\/index.php?rest_route=\/wp\/v2\/posts\/46289\/revisions"}],"predecessor-version":[{"id":46293,"href":"https:\/\/encuentroinformativo.com.mx\/index.php?rest_route=\/wp\/v2\/posts\/46289\/revisions\/46293"}],"wp:featuredmedia":[{"embeddable":true,"href":"https:\/\/encuentroinformativo.com.mx\/index.php?rest_route=\/wp\/v2\/media\/46290"}],"wp:attachment":[{"href":"https:\/\/encuentroinformativo.com.mx\/index.php?rest_route=%2Fwp%2Fv2%2Fmedia&parent=46289"}],"wp:term":[{"taxonomy":"category","embeddable":true,"href":"https:\/\/encuentroinformativo.com.mx\/index.php?rest_route=%2Fwp%2Fv2%2Fcategories&post=46289"},{"taxonomy":"post_tag","embeddable":true,"href":"https:\/\/encuentroinformativo.com.mx\/index.php?rest_route=%2Fwp%2Fv2%2Ftags&post=46289"}],"curies":[{"name":"wp","href":"https:\/\/api.w.org\/{rel}","templated":true}]}}