{"id":4629,"date":"2020-08-04T12:53:29","date_gmt":"2020-08-04T17:53:29","guid":{"rendered":"https:\/\/encuentroinformativo.com\/?p=4629"},"modified":"2020-08-04T12:53:32","modified_gmt":"2020-08-04T17:53:32","slug":"aplicaran-multas-para-quienes-no-respeten-medidas-sanitarias-en-tamiahua","status":"publish","type":"post","link":"https:\/\/encuentroinformativo.com.mx\/?p=4629","title":{"rendered":"Aplicar\u00e1n multas para quienes no respeten medidas sanitarias en Tamiahua"},"content":{"rendered":"\n<p><strong>Juan Arcos <\/strong><\/p>\n\n\n\n<p>Xalapa, Ver.- A partir de esta semana ser\u00edan aplicadas multas, que van de los 500 a los 20 mil pesos, a quienes desacaten las medidas sanitarias en el municipio de Tamiahua, ubicado en la zona norte de Veracruz.<\/p>\n\n\n\n<p>La presidenta municipal Citlali Medell\u00edn Careaga encabez\u00f3 una reuni\u00f3n del Concejo Municipal de Salud, donde se establecieron sanciones para quienes expongan la salud comunitaria.<\/p>\n\n\n\n<p>La edil detall\u00f3 que las multas van de los 259 a los 500 d\u00edas de salario m\u00ednimo, para obligar a la poblaci\u00f3n a permanecer en casa y evitar la propagaci\u00f3n del SARS-COV-2 (COVID-19).<\/p>\n\n\n\n<p>En ese sentido, se impondr\u00e1 una sanci\u00f3n econ\u00f3mica de 500 pesos a quienes no usen cubrebocas en espacios p\u00fablicos, comerciales y en unidades de transporte p\u00fablico.<\/p>\n\n\n\n<p>Adem\u00e1s, dicha multa ser\u00eda aplicada tambi\u00e9n a los conductores que transporten a m\u00e1s de tres pasajeros en la modalidad de taxi.<\/p>\n\n\n\n<p>Tambi\u00e9n se acord\u00f3 que quienes hagan fiestas y eventos religiosos o deportivos, donde haya aglomeraci\u00f3n de personas, ser\u00edan acreedores a una multa de 12 mil pesos.<\/p>\n\n\n\n<p>La Alcaldesa de Tamiahua tambi\u00e9n impuso multas de 20 mil pesos a quien no siga los protocolos en cuanto a decesos por COVID-19.<\/p>\n\n\n\n<p>Tambi\u00e9n habr\u00e1 sanciones econ\u00f3micas de de cinco mil pesos a prestadores de servicios que violen las medidas restrictivas previamente establecidas e informadas, as\u00ed como tambi\u00e9n, a todo aquel que circule en unidades automotrices for\u00e1neas sin previa autorizaci\u00f3n.<\/p>\n\n\n\n<p>El acuerdo del Concejo Municipal de Tamiahua tambi\u00e9n contempla multas de 10 mil pesos a quienes usen su veh\u00edculo o sobreponga placas de circulaci\u00f3n para introducir a personas provenientes de otros sitios.<\/p>\n\n\n\n<p>Se estableci\u00f3 tambi\u00e9n que autoridades auxiliares que no reporten la violaci\u00f3n de las medidas previamente establecidas y notificadas ser\u00e1n acreedoras a una multa de 20 mil pesos.<\/p>\n\n\n\n<p>De igual forma, Medell\u00edn Careaga indic\u00f3 que quienes violen las medidas preventivas, lo har\u00e1n bajo el entendido de que renuncian de manera voluntaria al servicio medico municipal y al uso de la ambulancia.<\/p>\n\n\n\n<p>La mandataria municipal detall\u00f3 que quienes no subsanen la sanci\u00f3n econ\u00f3mica ser\u00e1n acreedores a un arresto administrativo de por lo menos 12 horas, los comercios que no acaten las medidas antes descritas ser\u00e1n acreedores a su clausura permanente.<\/p>\n\n\n\n<p>Cabe destacar que en Tamiahua se reportan hasta el momento nueve casos positivos, tres sospechosos y dos defunciones por COVID-19.<\/p>\n\n\n\n<p>Desde el pasado 25 de julio permanecen cerrados los accesos al municipio y dicha medida se mantendr\u00eda hasta el pr\u00f3ximo 8 de agosto.<\/p>\n\n\n\n<p>Este lugar colinda con Tuxpan, donde se han registrado 514 casos confirmados, 111 sospechosos y 48 defunciones.<\/p>\n\n\n\n<p>A nivel estatal, las autoridades sanitarias reportan 22 mil 6 casos positivos acumulados en 198 de los 212 municipios, as\u00ed como tambi\u00e9n, 2 mil 875 fallecimientos en 149 demarcaciones y 2 mil 816 casos contin\u00faan en investigaci\u00f3n.<\/p>\n\n\n\n<p><\/p>\n","protected":false},"excerpt":{"rendered":"<p>Juan Arcos Xalapa, Ver.- A partir de esta semana ser\u00edan aplicadas multas, que van de los 500 a los 20 mil pesos, a quienes desacaten las medidas sanitarias en el municipio de Tamiahua, ubicado en la zona norte de Veracruz. La presidenta municipal Citlali Medell\u00edn Careaga encabez\u00f3 una reuni\u00f3n del Concejo Municipal de Salud, donde [&hellip;]<\/p>\n","protected":false},"author":1,"featured_media":4630,"comment_status":"open","ping_status":"open","sticky":false,"template":"","format":"standard","meta":{"_jetpack_memberships_contains_paid_content":false,"footnotes":""},"categories":[2],"tags":[],"class_list":["post-4629","post","type-post","status-publish","format-standard","has-post-thumbnail","hentry","category-estado"],"jetpack_featured_media_url":"https:\/\/encuentroinformativo.com.mx\/wp-content\/uploads\/2020\/08\/22CB59D8-E714-4373-A158-D3727732C3FC.jpeg","jetpack_sharing_enabled":true,"jetpack_likes_enabled":true,"amp_enabled":true,"_links":{"self":[{"href":"https:\/\/encuentroinformativo.com.mx\/index.php?rest_route=\/wp\/v2\/posts\/4629","targetHints":{"allow":["GET"]}}],"collection":[{"href":"https:\/\/encuentroinformativo.com.mx\/index.php?rest_route=\/wp\/v2\/posts"}],"about":[{"href":"https:\/\/encuentroinformativo.com.mx\/index.php?rest_route=\/wp\/v2\/types\/post"}],"author":[{"embeddable":true,"href":"https:\/\/encuentroinformativo.com.mx\/index.php?rest_route=\/wp\/v2\/users\/1"}],"replies":[{"embeddable":true,"href":"https:\/\/encuentroinformativo.com.mx\/index.php?rest_route=%2Fwp%2Fv2%2Fcomments&post=4629"}],"version-history":[{"count":1,"href":"https:\/\/encuentroinformativo.com.mx\/index.php?rest_route=\/wp\/v2\/posts\/4629\/revisions"}],"predecessor-version":[{"id":4631,"href":"https:\/\/encuentroinformativo.com.mx\/index.php?rest_route=\/wp\/v2\/posts\/4629\/revisions\/4631"}],"wp:featuredmedia":[{"embeddable":true,"href":"https:\/\/encuentroinformativo.com.mx\/index.php?rest_route=\/wp\/v2\/media\/4630"}],"wp:attachment":[{"href":"https:\/\/encuentroinformativo.com.mx\/index.php?rest_route=%2Fwp%2Fv2%2Fmedia&parent=4629"}],"wp:term":[{"taxonomy":"category","embeddable":true,"href":"https:\/\/encuentroinformativo.com.mx\/index.php?rest_route=%2Fwp%2Fv2%2Fcategories&post=4629"},{"taxonomy":"post_tag","embeddable":true,"href":"https:\/\/encuentroinformativo.com.mx\/index.php?rest_route=%2Fwp%2Fv2%2Ftags&post=4629"}],"curies":[{"name":"wp","href":"https:\/\/api.w.org\/{rel}","templated":true}]}}