{"id":46294,"date":"2023-10-10T14:15:54","date_gmt":"2023-10-10T20:15:54","guid":{"rendered":"https:\/\/encuentroinformativo.com.mx\/?p=46294"},"modified":"2023-10-10T14:15:59","modified_gmt":"2023-10-10T20:15:59","slug":"realizan-sev-y-ayuntamiento-maraton-de-cuentos-en-palacio-municipal","status":"publish","type":"post","link":"https:\/\/encuentroinformativo.com.mx\/?p=46294","title":{"rendered":"Realizan SEV y Ayuntamiento marat\u00f3n de cuentos en Palacio Municipal"},"content":{"rendered":"\n<p><strong>*Forma parte de la estrategia de impulso a la lectura y la educaci\u00f3n integral<\/strong><\/p>\n\n\n\n<p>Xalapa, Ver.- Con el prop\u00f3sito de fomentar la lectura, la imaginaci\u00f3n y el desarrollo integral de las infancias, este martes se realiz\u00f3 el Primer marat\u00f3n \u201cCu\u00e9ntame un cuento\u201d, iniciativa organizada por la Subsecretar\u00eda de Desarrollo Educativo y el Ayuntamiento, a trav\u00e9s de la Direcci\u00f3n de Educaci\u00f3n y la Regidur\u00eda S\u00e9ptima.<\/p>\n\n\n\n<p>Al inaugurar el evento en el patio central de Palacio Municipal, el alcalde Ricardo Ahued Bardahuil destac\u00f3 que se brindar\u00e1 todo el apoyo para que este marat\u00f3n sea el primero de muchos m\u00e1s, ya que con ello se impulsa la educaci\u00f3n de las ni\u00f1as y ni\u00f1os, as\u00ed como las capacidades lectoras, narrativas y la creatividad.<\/p>\n\n\n\n<p>En este marat\u00f3n participaron 17 alumnas y alumnos de educaci\u00f3n b\u00e1sica de 11 municipios como Jalcomulco, Altotonga, Naolinco, Coatepec, Naranjos, Perote, Papantla, Veracruz y Xalapa, quienes fueron seleccionados a partir de la estrategia Embajadores de la lectura, de la Subsecretar\u00eda de Desarrollo Educativo, y el festival \u201cY me encontr\u00e9 un cuentacuentos\u201d.<\/p>\n\n\n\n<p>Asistieron las regidoras Martha Valentina Dom\u00ednguez V\u00e1squez, Mar\u00eda Guadalupe M\u00e1rquez Leonardo, Minerva Salcedo Baca, el regidor Alfonso Marcos Garc\u00eda Castillo; el director de Educaci\u00f3n, \u00c9dgar Eduardo Ruiz Cervantes; la directora del Consejo Municipal para la Asistencia Social (Conmas), M\u00f3nica Gasper\u00edn S\u00e1nchez, y la directora de Juventud, Gelsey Yareni Varela Castillo.<\/p>\n\n\n\n<p>Tambi\u00e9n, el coordinador estatal de la Estrategia Cuentacuentos de la Subsecretar\u00eda de Desarrollo Educativo, H\u00e9ctor Mart\u00ednez Ram\u00edrez; el coordinador general de Bibliotecas P\u00fablicas, Epifanio Cruz Hern\u00e1ndez; la coordinadora de Distribuci\u00f3n de Libros de Texto Gratuitos de la Secretar\u00eda de Educaci\u00f3n de Veracruz (SEV), Rafaela D\u00edaz Rivera, as\u00ed como alumnado, padres de familia y la comunidad escolar de diversos planteles educativos.<\/p>\n","protected":false},"excerpt":{"rendered":"<p>*Forma parte de la estrategia de impulso a la lectura y la educaci\u00f3n integral Xalapa, Ver.- Con el prop\u00f3sito de fomentar la lectura, la imaginaci\u00f3n y el desarrollo integral de las infancias, este martes se realiz\u00f3 el Primer marat\u00f3n \u201cCu\u00e9ntame un cuento\u201d, iniciativa organizada por la Subsecretar\u00eda de Desarrollo Educativo y el Ayuntamiento, a trav\u00e9s [&hellip;]<\/p>\n","protected":false},"author":2476,"featured_media":46295,"comment_status":"open","ping_status":"open","sticky":false,"template":"","format":"standard","meta":{"_jetpack_memberships_contains_paid_content":false,"footnotes":""},"categories":[3],"tags":[],"class_list":["post-46294","post","type-post","status-publish","format-standard","has-post-thumbnail","hentry","category-xalapa"],"jetpack_featured_media_url":"https:\/\/encuentroinformativo.com.mx\/wp-content\/uploads\/2023\/10\/IMG-20231010-WA00742.jpg","jetpack_sharing_enabled":true,"jetpack_likes_enabled":true,"amp_enabled":true,"_links":{"self":[{"href":"https:\/\/encuentroinformativo.com.mx\/index.php?rest_route=\/wp\/v2\/posts\/46294","targetHints":{"allow":["GET"]}}],"collection":[{"href":"https:\/\/encuentroinformativo.com.mx\/index.php?rest_route=\/wp\/v2\/posts"}],"about":[{"href":"https:\/\/encuentroinformativo.com.mx\/index.php?rest_route=\/wp\/v2\/types\/post"}],"author":[{"embeddable":true,"href":"https:\/\/encuentroinformativo.com.mx\/index.php?rest_route=\/wp\/v2\/users\/2476"}],"replies":[{"embeddable":true,"href":"https:\/\/encuentroinformativo.com.mx\/index.php?rest_route=%2Fwp%2Fv2%2Fcomments&post=46294"}],"version-history":[{"count":1,"href":"https:\/\/encuentroinformativo.com.mx\/index.php?rest_route=\/wp\/v2\/posts\/46294\/revisions"}],"predecessor-version":[{"id":46296,"href":"https:\/\/encuentroinformativo.com.mx\/index.php?rest_route=\/wp\/v2\/posts\/46294\/revisions\/46296"}],"wp:featuredmedia":[{"embeddable":true,"href":"https:\/\/encuentroinformativo.com.mx\/index.php?rest_route=\/wp\/v2\/media\/46295"}],"wp:attachment":[{"href":"https:\/\/encuentroinformativo.com.mx\/index.php?rest_route=%2Fwp%2Fv2%2Fmedia&parent=46294"}],"wp:term":[{"taxonomy":"category","embeddable":true,"href":"https:\/\/encuentroinformativo.com.mx\/index.php?rest_route=%2Fwp%2Fv2%2Fcategories&post=46294"},{"taxonomy":"post_tag","embeddable":true,"href":"https:\/\/encuentroinformativo.com.mx\/index.php?rest_route=%2Fwp%2Fv2%2Ftags&post=46294"}],"curies":[{"name":"wp","href":"https:\/\/api.w.org\/{rel}","templated":true}]}}