{"id":46340,"date":"2023-10-12T12:00:50","date_gmt":"2023-10-12T18:00:50","guid":{"rendered":"https:\/\/encuentroinformativo.com.mx\/?p=46340"},"modified":"2023-10-12T12:00:55","modified_gmt":"2023-10-12T18:00:55","slug":"ante-presunto-recorte-presupuestal-marcha-personal-de-poder-judicial-de-la-federacion","status":"publish","type":"post","link":"https:\/\/encuentroinformativo.com.mx\/?p=46340","title":{"rendered":"Ante presunto recorte presupuestal, marcha personal de Poder Judicial de la Federaci\u00f3n"},"content":{"rendered":"\n<p><strong>Juan Arcos <\/strong><\/p>\n\n\n\n<p>Xalapa, Ver.- Al grito de \u201c\u00a1M\u00e9xico escucha, esta es tu lucha!, personal del Poder Judicial de la Federaci\u00f3n protest\u00f3 y march\u00f3 sobre Arco Sur, en la ciudad de Xalapa, en defensa de sus derechos laborales ante un posible recorte presupuestal en el pa\u00eds.<\/p>\n\n\n\n<p>Los quejosos se concentraron afuera del Poder Judicial de la Federaci\u00f3n y alrededor de las 10:40 horas caminaron sobre un carril del bulevar Rafael Gu\u00edzar y Valencia, mejor conocido como Arco Sur.<\/p>\n\n\n\n<p>La mayor\u00eda son integrantes del Sindicato de Trabajadores del Poder Judicial de la Federaci\u00f3n, quienes se ver\u00edan afectados por la desaparici\u00f3n de fideicomisos a nivel nacional.<\/p>\n\n\n\n<p>De acuerdo con Al\u00e1n Iv\u00e1n Torres Hinojosa, secretario adscrito al Segundo Tribunal Colegiado en Materia Civil del S\u00e9ptimo Circuito de Xalapa, en el Poder Judicial de la Federaci\u00f3n no hay privilegios, pues los trabajadores tienen salarios bajos y est\u00e1n sometidos a largas jornadas laborales.<\/p>\n\n\n\n<p>\u201cTenemos una realidad que no es la que el Presidente y el Poder Ejecutivo comentan todos los d\u00edas en medios de comunicaci\u00f3n. Aqu\u00ed la verdad todos los d\u00edas son cargas de trabajo extenuantes, estamos faltos de recursos, de personal y siempre el trabajo va a la alza. La marcha es para manifestarnos y decir que el poder judicial de la Federaci\u00f3n es un \u00f3rgano que est\u00e1 aqu\u00ed no para hacerle la vida f\u00e1cil a los actores pol\u00edticos, exigimos respeto a las instituciones y al estado de derecho\u201d, expres\u00f3.<\/p>\n\n\n\n<p>El entrevistado explic\u00f3 que los fideicomisos que pretenden desaparecer son fondos de apoyo a las prestaciones laborales, como el seguro de gastos m\u00e9dicos mayores y el fondo de pensiones complementarias, por mencionar algunos.<\/p>\n\n\n\n<p>\u201cEse fondo de pensiones complementarias da una compensaci\u00f3n debido a que el salario est\u00e1 casi por arriba del m\u00ednimo, no tenemos salarios elevados\u201d, explic\u00f3.<\/p>\n\n\n\n<p>Lo anterior afectar\u00eda a 55 mil empleados del Poder Judicial en todo el pa\u00eds y aproximadamente a mil 250 en la capital del estado de Veracruz.<br>En Xalapa hay 11 \u00f3rganos judiciales al interior de las oficinas del Poder Judicial de la Federaci\u00f3n sobre la avenida Arco Sur y en cada uno de ellos laboran cerca de 60 personas.<\/p>\n\n\n\n<p>Adem\u00e1s, hay otros diez \u00f3rganos en las avenidas Adolfo Ruiz Cortines, \u00c1vila Camacho y en la zona de San Bruno con el mismo n\u00famero de trabajadores.<\/p>\n\n\n\n<p>El pr\u00f3ximo 15 de noviembre ser\u00eda presentada la segunda parte de la propuesta para el recorte de fideicomisos al Poder Judicial de la Federaci\u00f3n, a la Suprema Corte de Justicia de la Naci\u00f3n y al Consejo de la Judicatura.<\/p>\n\n\n\n<figure class=\"wp-block-image size-large\"><img loading=\"lazy\" decoding=\"async\" width=\"1024\" height=\"768\" src=\"https:\/\/encuentroinformativo.com.mx\/wp-content\/uploads\/2023\/10\/IMG_7674-1024x768.jpg\" alt=\"\" class=\"wp-image-46342\" srcset=\"https:\/\/encuentroinformativo.com.mx\/wp-content\/uploads\/2023\/10\/IMG_7674-1024x768.jpg 1024w, https:\/\/encuentroinformativo.com.mx\/wp-content\/uploads\/2023\/10\/IMG_7674-300x225.jpg 300w, https:\/\/encuentroinformativo.com.mx\/wp-content\/uploads\/2023\/10\/IMG_7674-768x576.jpg 768w, https:\/\/encuentroinformativo.com.mx\/wp-content\/uploads\/2023\/10\/IMG_7674-1536x1152.jpg 1536w, https:\/\/encuentroinformativo.com.mx\/wp-content\/uploads\/2023\/10\/IMG_7674.jpg 2016w\" sizes=\"auto, (max-width: 1024px) 100vw, 1024px\" \/><\/figure>\n","protected":false},"excerpt":{"rendered":"<p>Juan Arcos Xalapa, Ver.- Al grito de \u201c\u00a1M\u00e9xico escucha, esta es tu lucha!, personal del Poder Judicial de la Federaci\u00f3n protest\u00f3 y march\u00f3 sobre Arco Sur, en la ciudad de Xalapa, en defensa de sus derechos laborales ante un posible recorte presupuestal en el pa\u00eds. Los quejosos se concentraron afuera del Poder Judicial de la [&hellip;]<\/p>\n","protected":false},"author":2476,"featured_media":46341,"comment_status":"open","ping_status":"open","sticky":false,"template":"","format":"standard","meta":{"_jetpack_memberships_contains_paid_content":false,"footnotes":""},"categories":[3],"tags":[],"class_list":["post-46340","post","type-post","status-publish","format-standard","has-post-thumbnail","hentry","category-xalapa"],"jetpack_featured_media_url":"https:\/\/encuentroinformativo.com.mx\/wp-content\/uploads\/2023\/10\/IMG_7686.jpg","jetpack_sharing_enabled":true,"jetpack_likes_enabled":true,"amp_enabled":true,"_links":{"self":[{"href":"https:\/\/encuentroinformativo.com.mx\/index.php?rest_route=\/wp\/v2\/posts\/46340","targetHints":{"allow":["GET"]}}],"collection":[{"href":"https:\/\/encuentroinformativo.com.mx\/index.php?rest_route=\/wp\/v2\/posts"}],"about":[{"href":"https:\/\/encuentroinformativo.com.mx\/index.php?rest_route=\/wp\/v2\/types\/post"}],"author":[{"embeddable":true,"href":"https:\/\/encuentroinformativo.com.mx\/index.php?rest_route=\/wp\/v2\/users\/2476"}],"replies":[{"embeddable":true,"href":"https:\/\/encuentroinformativo.com.mx\/index.php?rest_route=%2Fwp%2Fv2%2Fcomments&post=46340"}],"version-history":[{"count":1,"href":"https:\/\/encuentroinformativo.com.mx\/index.php?rest_route=\/wp\/v2\/posts\/46340\/revisions"}],"predecessor-version":[{"id":46343,"href":"https:\/\/encuentroinformativo.com.mx\/index.php?rest_route=\/wp\/v2\/posts\/46340\/revisions\/46343"}],"wp:featuredmedia":[{"embeddable":true,"href":"https:\/\/encuentroinformativo.com.mx\/index.php?rest_route=\/wp\/v2\/media\/46341"}],"wp:attachment":[{"href":"https:\/\/encuentroinformativo.com.mx\/index.php?rest_route=%2Fwp%2Fv2%2Fmedia&parent=46340"}],"wp:term":[{"taxonomy":"category","embeddable":true,"href":"https:\/\/encuentroinformativo.com.mx\/index.php?rest_route=%2Fwp%2Fv2%2Fcategories&post=46340"},{"taxonomy":"post_tag","embeddable":true,"href":"https:\/\/encuentroinformativo.com.mx\/index.php?rest_route=%2Fwp%2Fv2%2Ftags&post=46340"}],"curies":[{"name":"wp","href":"https:\/\/api.w.org\/{rel}","templated":true}]}}