{"id":46344,"date":"2023-10-12T12:06:31","date_gmt":"2023-10-12T18:06:31","guid":{"rendered":"https:\/\/encuentroinformativo.com.mx\/?p=46344"},"modified":"2023-10-12T12:06:34","modified_gmt":"2023-10-12T18:06:34","slug":"centros-de-verificacion-deberan-migrar-a-verificentros-advierte-sedema","status":"publish","type":"post","link":"https:\/\/encuentroinformativo.com.mx\/?p=46344","title":{"rendered":"Centros de verificaci\u00f3n deber\u00e1n migrar a verificentros, advierte SEDEMA"},"content":{"rendered":"\n<p><strong>Dar\u00edo Pale <\/strong><\/p>\n\n\n\n<p>Xalapa, Ver.- 120 centros de verificaci\u00f3n tendr\u00e1n que migrar a verificentros para que cumplan con la nueva norma, as\u00ed lo dio a conocer el secretario de Medio Ambiente, Juan Carlos Contreras Bautista.<\/p>\n\n\n\n<p>En conferencia de prensa se\u00f1al\u00f3 que, \u201cson 120 los centros de verificaci\u00f3n que tienen que migrar y esto nos da pie a la cumplimiento de la norma\u201d.<\/p>\n\n\n\n<p>Advirti\u00f3 que de lo contrario no podr\u00e1n operar en la entidad veracruzana, \u201ca partir de febrero se contar\u00e1n solamente con con verificentros porque los centros de verificaci\u00f3n se extinguir\u00e1n por un tema de normas\u201d.<\/p>\n\n\n\n<p>Coment\u00f3 que este programa de reordenamiento tiene el fin de dar certeza y cumplimiento a las normas oficiales mexicanas pues insisti\u00f3 en que de lo contrario no podr\u00e1n ofrecer el servicio.\u00a0<\/p>\n\n\n\n<p>\u201cNo podr\u00e1n operar porque se inician procedimientos para primero que no puedan operar por temas legales&#8221;, se\u00f1al\u00f3.<\/p>\n\n\n\n<p>Neg\u00f3 que se tenga pensado abrir nuevos espacios en la entidad veracruzana, de igual al forma record\u00f3 que actualmente se cuentan con 52 verificentros en todo el estado.\u00a0<\/p>\n\n\n\n<p>Finalmente se\u00f1al\u00f3 que, \u201cesto es para que los ciudadanos puedan tener un espacio id\u00f3neo para poder acudir a esta verificaci\u00f3n y que no tengamos conflicto con los espacios\u201d.<\/p>\n","protected":false},"excerpt":{"rendered":"<p>Dar\u00edo Pale Xalapa, Ver.- 120 centros de verificaci\u00f3n tendr\u00e1n que migrar a verificentros para que cumplan con la nueva norma, as\u00ed lo dio a conocer el secretario de Medio Ambiente, Juan Carlos Contreras Bautista. En conferencia de prensa se\u00f1al\u00f3 que, \u201cson 120 los centros de verificaci\u00f3n que tienen que migrar y esto nos da pie [&hellip;]<\/p>\n","protected":false},"author":2476,"featured_media":5100,"comment_status":"open","ping_status":"open","sticky":false,"template":"","format":"standard","meta":{"_jetpack_memberships_contains_paid_content":false,"footnotes":""},"categories":[2],"tags":[],"class_list":["post-46344","post","type-post","status-publish","format-standard","has-post-thumbnail","hentry","category-estado"],"jetpack_featured_media_url":"https:\/\/encuentroinformativo.com.mx\/wp-content\/uploads\/2020\/08\/5DE444B7-AD52-47C7-AAD4-0E6EA0406258.jpeg","jetpack_sharing_enabled":true,"jetpack_likes_enabled":true,"amp_enabled":true,"_links":{"self":[{"href":"https:\/\/encuentroinformativo.com.mx\/index.php?rest_route=\/wp\/v2\/posts\/46344","targetHints":{"allow":["GET"]}}],"collection":[{"href":"https:\/\/encuentroinformativo.com.mx\/index.php?rest_route=\/wp\/v2\/posts"}],"about":[{"href":"https:\/\/encuentroinformativo.com.mx\/index.php?rest_route=\/wp\/v2\/types\/post"}],"author":[{"embeddable":true,"href":"https:\/\/encuentroinformativo.com.mx\/index.php?rest_route=\/wp\/v2\/users\/2476"}],"replies":[{"embeddable":true,"href":"https:\/\/encuentroinformativo.com.mx\/index.php?rest_route=%2Fwp%2Fv2%2Fcomments&post=46344"}],"version-history":[{"count":1,"href":"https:\/\/encuentroinformativo.com.mx\/index.php?rest_route=\/wp\/v2\/posts\/46344\/revisions"}],"predecessor-version":[{"id":46345,"href":"https:\/\/encuentroinformativo.com.mx\/index.php?rest_route=\/wp\/v2\/posts\/46344\/revisions\/46345"}],"wp:featuredmedia":[{"embeddable":true,"href":"https:\/\/encuentroinformativo.com.mx\/index.php?rest_route=\/wp\/v2\/media\/5100"}],"wp:attachment":[{"href":"https:\/\/encuentroinformativo.com.mx\/index.php?rest_route=%2Fwp%2Fv2%2Fmedia&parent=46344"}],"wp:term":[{"taxonomy":"category","embeddable":true,"href":"https:\/\/encuentroinformativo.com.mx\/index.php?rest_route=%2Fwp%2Fv2%2Fcategories&post=46344"},{"taxonomy":"post_tag","embeddable":true,"href":"https:\/\/encuentroinformativo.com.mx\/index.php?rest_route=%2Fwp%2Fv2%2Ftags&post=46344"}],"curies":[{"name":"wp","href":"https:\/\/api.w.org\/{rel}","templated":true}]}}