{"id":46349,"date":"2023-10-12T14:11:09","date_gmt":"2023-10-12T20:11:09","guid":{"rendered":"https:\/\/encuentroinformativo.com.mx\/?p=46349"},"modified":"2023-10-12T14:11:13","modified_gmt":"2023-10-12T20:11:13","slug":"invitan-a-la-sexta-edicion-del-oktoberfest","status":"publish","type":"post","link":"https:\/\/encuentroinformativo.com.mx\/?p=46349","title":{"rendered":"Invitan a la sexta edici\u00f3n del Oktoberfest"},"content":{"rendered":"\n<p><strong>Dar\u00edo Pale <\/strong><\/p>\n\n\n\n<p>Xalapa, Ver.- Invitan \u00a0a la ciudadan\u00eda para que asista a la sexta edici\u00f3n del Oktoberfest, festival gastron\u00f3mico y cervecero que busca posicionarse en Xalapa como uno de los m\u00e1s importantes de la temporada oto\u00f1al, con la presentaci\u00f3n de 17 marcas y 150 tipos de cervezas.<\/p>\n\n\n\n<p>En conferencia de prensa dieron a conocer que est\u00e1 edici\u00f3n se llevar\u00e1 a cabo en la ex hacienda Lucas Mart\u00edn hasta donde llegar\u00e1n expositores de Xalapa, Coatepec, puerto de Veracruz, la Ciudad de M\u00e9xico y Puebla.<\/p>\n\n\n\n<p>Dio a conocer que, adem\u00e1s de la zona de cerveza se contar\u00e1 con \u00e1rea gastron\u00f3mica, artesanal e infantil, adem\u00e1s de que el festival es Pet friendly e inclusivo.<\/p>\n\n\n\n<p>Max Ram\u00edrez y Daniel Sosa, organizadores de este evento, resaltaron que se prev\u00e9 una derrama econ\u00f3mica de alrededor de 800 mil pesos y una participaci\u00f3n de unas 4 mil personas.<\/p>\n\n\n\n<p>Recordaron que se trata de un festival completamente familiar, por lo que pueden ingresar menores de edad.<\/p>\n\n\n\n<p>\u201cEs un ambiente completamente familiar, se contar\u00e1 con m\u00fasica en vivo, juegos cerveceros, artesanos, gastronom\u00eda y escenario para la participaci\u00f3n de grupos musicales\u201d, se\u00f1alaron.<\/p>\n\n\n\n<p>Destacaron que se contar\u00e1 con cerveza tradicional y artesanal, la cual lleva un proceso m\u00e1s lento para su elaboraci\u00f3n.<\/p>\n\n\n\n<p>&#8220;Aunque las personas creen que es un evento donde solo podr\u00e1n comprar cerveza les queremos decir que no, que es completamente familiar y se van a divertir chicos y grandes, habr\u00e1 m\u00fasica de todo tipo\u201d, comentaron.<\/p>\n\n\n\n<p>En este evento habr\u00e1 concursos de levantamiento de tarro y de comelones, adem\u00e1s de contar con un espacio abierto para poder disfrutar de la m\u00fasica y alimentos.La preventa para el evento cierra ma\u00f1ana. Los primeros 800 asistentes obtendr\u00e1n un vaso conmemorativo.<\/p>\n\n\n\n<p>Finalmente dieron a\u00fan conocer que las personas de la tercera de edad y menores hasta 13 a\u00f1os no pagar\u00e1n su ingreso a este festival. El horario del festival ser\u00e1 de las 11:00 a las 22:00 horas.<\/p>\n","protected":false},"excerpt":{"rendered":"<p>Dar\u00edo Pale Xalapa, Ver.- Invitan \u00a0a la ciudadan\u00eda para que asista a la sexta edici\u00f3n del Oktoberfest, festival gastron\u00f3mico y cervecero que busca posicionarse en Xalapa como uno de los m\u00e1s importantes de la temporada oto\u00f1al, con la presentaci\u00f3n de 17 marcas y 150 tipos de cervezas. En conferencia de prensa dieron a conocer que [&hellip;]<\/p>\n","protected":false},"author":2476,"featured_media":46350,"comment_status":"open","ping_status":"open","sticky":false,"template":"","format":"standard","meta":{"_jetpack_memberships_contains_paid_content":false,"footnotes":""},"categories":[3],"tags":[],"class_list":["post-46349","post","type-post","status-publish","format-standard","has-post-thumbnail","hentry","category-xalapa"],"jetpack_featured_media_url":"https:\/\/encuentroinformativo.com.mx\/wp-content\/uploads\/2023\/10\/IMG-20231012-WA00362.jpg","jetpack_sharing_enabled":true,"jetpack_likes_enabled":true,"amp_enabled":true,"_links":{"self":[{"href":"https:\/\/encuentroinformativo.com.mx\/index.php?rest_route=\/wp\/v2\/posts\/46349","targetHints":{"allow":["GET"]}}],"collection":[{"href":"https:\/\/encuentroinformativo.com.mx\/index.php?rest_route=\/wp\/v2\/posts"}],"about":[{"href":"https:\/\/encuentroinformativo.com.mx\/index.php?rest_route=\/wp\/v2\/types\/post"}],"author":[{"embeddable":true,"href":"https:\/\/encuentroinformativo.com.mx\/index.php?rest_route=\/wp\/v2\/users\/2476"}],"replies":[{"embeddable":true,"href":"https:\/\/encuentroinformativo.com.mx\/index.php?rest_route=%2Fwp%2Fv2%2Fcomments&post=46349"}],"version-history":[{"count":1,"href":"https:\/\/encuentroinformativo.com.mx\/index.php?rest_route=\/wp\/v2\/posts\/46349\/revisions"}],"predecessor-version":[{"id":46351,"href":"https:\/\/encuentroinformativo.com.mx\/index.php?rest_route=\/wp\/v2\/posts\/46349\/revisions\/46351"}],"wp:featuredmedia":[{"embeddable":true,"href":"https:\/\/encuentroinformativo.com.mx\/index.php?rest_route=\/wp\/v2\/media\/46350"}],"wp:attachment":[{"href":"https:\/\/encuentroinformativo.com.mx\/index.php?rest_route=%2Fwp%2Fv2%2Fmedia&parent=46349"}],"wp:term":[{"taxonomy":"category","embeddable":true,"href":"https:\/\/encuentroinformativo.com.mx\/index.php?rest_route=%2Fwp%2Fv2%2Fcategories&post=46349"},{"taxonomy":"post_tag","embeddable":true,"href":"https:\/\/encuentroinformativo.com.mx\/index.php?rest_route=%2Fwp%2Fv2%2Ftags&post=46349"}],"curies":[{"name":"wp","href":"https:\/\/api.w.org\/{rel}","templated":true}]}}