{"id":4635,"date":"2020-08-04T13:17:33","date_gmt":"2020-08-04T18:17:33","guid":{"rendered":"https:\/\/encuentroinformativo.com\/?p=4635"},"modified":"2020-08-04T13:17:36","modified_gmt":"2020-08-04T18:17:36","slug":"sindicatos-acusan-anomalias-en-subdireccion-de-preescolar","status":"publish","type":"post","link":"https:\/\/encuentroinformativo.com.mx\/?p=4635","title":{"rendered":"Sindicatos acusan anomal\u00edas en subdirecci\u00f3n de preescolar"},"content":{"rendered":"\n<p><strong>Juan Arcos <\/strong><\/p>\n\n\n\n<p>Xalapa, Ver.- Representantes de la Uni\u00f3n de Sindicatos Magisteriales del Estado de Veracruz protestaron esta ma\u00f1ana en las oficinas de la Subdirecci\u00f3n de Preescolar Estatal, para denunciar anomal\u00edas en los tr\u00e1mites solicitados por las organizaciones sindicales.<\/p>\n\n\n\n<p>Los quejosos acusaron a la subdirectora de Preescolar Estatal, Mar\u00eda Isabel Castillo M\u00e9ndez, de incurrir en anomal\u00edas, toda vez que los tr\u00e1mites realizados atentan contra la autonom\u00eda sindical.<\/p>\n\n\n\n<p>Tambi\u00e9n mencionaron que no se han respetado acuerdos con la Oficial\u00eda Mayor de la Secretar\u00eda de Educaci\u00f3n de Veracruz (SEV).<\/p>\n\n\n\n<p>De acuerdo con Tonatiuh Paredes Rangel, secretario general del Sindicato Independiente de Regeneraci\u00f3n Magisterial (SIRMA), est\u00e1n siendo violentados los derechos de los trabajadores al no tomarse en cuenta a los sindicatos para los cambios de adscripci\u00f3n.<\/p>\n\n\n\n<p>\u201cLa subdirectora de este nivel ha incurrido, junto con su equipo de trabajo en diversas anomal\u00edas, donde los tr\u00e1mites que se realizan, van en contra de la autonom\u00eda e integridad sindical\u201d.<\/p>\n\n\n\n<p>A su juicio, las autoridades educativas se han \u201centrometido\u201d en la vida interna de las organizaciones sindicales, en este caso en contra de SIRMA.<\/p>\n\n\n\n<p>\u201cLa uni\u00f3n de sindicatos magisteriales del Estado de Veracruz toma como propia esta problem\u00e1tica, porque si hoy se lo hacen a una organizaci\u00f3n el d\u00eda de ma\u00f1ana van a querer meterse en la vida interna de cada una de las organizaciones\u201d.<\/p>\n\n\n\n<p>Paredes Rangel refiri\u00f3 que se ha trabajado con autoridades educativas desde hace un mes; sin embargo, la oficial mayor de la SEV, Ariadna Selene Aguilar Amaya, no ha entregado la minuta firmada.<\/p>\n\n\n\n<p>Cabe recordar que diversos sindicatos han denunciado que no han sido tomados en cuenta en los cambios de adscripci\u00f3n que pretende realizar la Secretar\u00eda de Educaci\u00f3n de Veracruz, pues se trata de tr\u00e1mites que no han sido avalados por las organizaciones sindicales.<\/p>\n\n\n\n<p><\/p>\n","protected":false},"excerpt":{"rendered":"<p>Juan Arcos Xalapa, Ver.- Representantes de la Uni\u00f3n de Sindicatos Magisteriales del Estado de Veracruz protestaron esta ma\u00f1ana en las oficinas de la Subdirecci\u00f3n de Preescolar Estatal, para denunciar anomal\u00edas en los tr\u00e1mites solicitados por las organizaciones sindicales. Los quejosos acusaron a la subdirectora de Preescolar Estatal, Mar\u00eda Isabel Castillo M\u00e9ndez, de incurrir en anomal\u00edas, [&hellip;]<\/p>\n","protected":false},"author":1,"featured_media":4636,"comment_status":"open","ping_status":"open","sticky":false,"template":"","format":"standard","meta":{"_jetpack_memberships_contains_paid_content":false,"footnotes":""},"categories":[2],"tags":[],"class_list":["post-4635","post","type-post","status-publish","format-standard","has-post-thumbnail","hentry","category-estado"],"jetpack_featured_media_url":"https:\/\/encuentroinformativo.com.mx\/wp-content\/uploads\/2020\/08\/B6E5D111-C7EC-48B9-B89F-B3BB4EF3A777.jpeg","jetpack_sharing_enabled":true,"jetpack_likes_enabled":true,"amp_enabled":true,"_links":{"self":[{"href":"https:\/\/encuentroinformativo.com.mx\/index.php?rest_route=\/wp\/v2\/posts\/4635","targetHints":{"allow":["GET"]}}],"collection":[{"href":"https:\/\/encuentroinformativo.com.mx\/index.php?rest_route=\/wp\/v2\/posts"}],"about":[{"href":"https:\/\/encuentroinformativo.com.mx\/index.php?rest_route=\/wp\/v2\/types\/post"}],"author":[{"embeddable":true,"href":"https:\/\/encuentroinformativo.com.mx\/index.php?rest_route=\/wp\/v2\/users\/1"}],"replies":[{"embeddable":true,"href":"https:\/\/encuentroinformativo.com.mx\/index.php?rest_route=%2Fwp%2Fv2%2Fcomments&post=4635"}],"version-history":[{"count":1,"href":"https:\/\/encuentroinformativo.com.mx\/index.php?rest_route=\/wp\/v2\/posts\/4635\/revisions"}],"predecessor-version":[{"id":4637,"href":"https:\/\/encuentroinformativo.com.mx\/index.php?rest_route=\/wp\/v2\/posts\/4635\/revisions\/4637"}],"wp:featuredmedia":[{"embeddable":true,"href":"https:\/\/encuentroinformativo.com.mx\/index.php?rest_route=\/wp\/v2\/media\/4636"}],"wp:attachment":[{"href":"https:\/\/encuentroinformativo.com.mx\/index.php?rest_route=%2Fwp%2Fv2%2Fmedia&parent=4635"}],"wp:term":[{"taxonomy":"category","embeddable":true,"href":"https:\/\/encuentroinformativo.com.mx\/index.php?rest_route=%2Fwp%2Fv2%2Fcategories&post=4635"},{"taxonomy":"post_tag","embeddable":true,"href":"https:\/\/encuentroinformativo.com.mx\/index.php?rest_route=%2Fwp%2Fv2%2Ftags&post=4635"}],"curies":[{"name":"wp","href":"https:\/\/api.w.org\/{rel}","templated":true}]}}