{"id":46374,"date":"2023-10-12T22:46:19","date_gmt":"2023-10-13T04:46:19","guid":{"rendered":"https:\/\/encuentroinformativo.com.mx\/?p=46374"},"modified":"2023-10-12T22:46:26","modified_gmt":"2023-10-13T04:46:26","slug":"carrera-panamericana-deja-derrama-de-25-mdp-en-la-zona-conurbada-destaca-alcalde-jm-unanue","status":"publish","type":"post","link":"https:\/\/encuentroinformativo.com.mx\/?p=46374","title":{"rendered":"Carrera Panamericana deja derrama de 25 mdp en la zona conurbada, destaca Alcalde JM Un\u00e1nue"},"content":{"rendered":"\n<p><strong>*<em>El edil encabez\u00f3 el banderazo de salida de la edici\u00f3n 36 de la Carrera Panamericana 2023 en la que participan m\u00e1s de 100 autos con pilotos de 17 nacionalidades<\/em>.<\/strong><\/p>\n\n\n\n<p>Boca del R\u00edo, Ver.- El alcalde de Boca del R\u00edo, Juan Manuel Un\u00e1nue Abascal, encabez\u00f3 el banderazo de la edici\u00f3n 36 de la Carrera Panamericana 2023 que se llevar\u00e1 a cabo del 13 al 19 de octubre por diferentes estados del pa\u00eds.<\/p>\n\n\n\n<p>En el marco de dicho evento, el edil destac\u00f3 la importancia del mismo, pues de acuerdo a cifras oficiales, la derrama econ\u00f3mica en la zona conurbada ser\u00e1 de 25 millones de pesos, increment\u00e1ndose la ocupaci\u00f3n hotelera al cien por ciento y beneficiando tambi\u00e9n a los diferentes prestadores de servicios en el municipio.<\/p>\n\n\n\n<p>&#8220;Este gran evento genera derrama econ\u00f3mica, empleos y deja a restaurantes y hoteles llenos. Adem\u00e1s de que tambi\u00e9n se incrementa la afluencia de personas, muchas de ellas desde el martes pasado han estado haciendo presencia, lo cual es muy positivo&#8221;, expres\u00f3 el alcalde Un\u00e1nue Abascal.<\/p>\n\n\n\n<p>Asimismo, enfatiz\u00f3 que gracias a la atenci\u00f3n que pone su gobierno en la rehabilitaci\u00f3n de los espacios p\u00fablicos y vialidades, la ciudad tiene la capacidad de recibir este tipo de eventos internacionales, pues reconocen que Boca del R\u00edo cuenta con la infraestructura moderna y necesaria para ser una sede competitiva con cualquier regi\u00f3n del pa\u00eds.<\/p>\n\n\n\n<p>Finalmente, el Presidente Municipal Juan Manuel Un\u00e1nue Abascal, dej\u00f3 abierta la invitaci\u00f3n a la Carrera Panamericana para que regrese a Boca del R\u00edo en sus pr\u00f3ximas ediciones, pues la ciudad cuenta con lo necesario para recibirla con los brazos abiertos.<\/p>\n\n\n\n<p><em>LA CEREMONIA<\/em><\/p>\n\n\n\n<p>Con una emotiva ceremonia teniendo de fondo el Foro Boca y las aguas del Golfo de M\u00e9xico, Juan Manuel Un\u00e1nue Abascal, autoridades estatales y de la Carrera Panamericana dieron el banderazo de salida a los experimentados pilotos y sus poderosos autom\u00f3viles.<\/p>\n\n\n\n<p>Recorrer\u00e1n 3 mil 600 kil\u00f3metros pasando por ocho estados de la Rep\u00fablica con salida en Boca del R\u00edo, Veracruz, para llegar a la meta en la ciudad de Monterrey y obtener el trofeo conmemorativo de Juan Manuel Fangio en las categor\u00edas de Carrera y Sport &amp; Classic Tour.<\/p>\n\n\n\n<p>Cabe mencionar que en esta competencia participan m\u00e1s de 100 veh\u00edculos representantes de 17 nacionalidades y como distintivo de esta edici\u00f3n 36, destaca la presencia del piloto mexicano Adri\u00e1n Fern\u00e1ndez y el actor estadounidense Patrick Dempsey.<\/p>\n","protected":false},"excerpt":{"rendered":"<p>*El edil encabez\u00f3 el banderazo de salida de la edici\u00f3n 36 de la Carrera Panamericana 2023 en la que participan m\u00e1s de 100 autos con pilotos de 17 nacionalidades. Boca del R\u00edo, Ver.- El alcalde de Boca del R\u00edo, Juan Manuel Un\u00e1nue Abascal, encabez\u00f3 el banderazo de la edici\u00f3n 36 de la Carrera Panamericana 2023 [&hellip;]<\/p>\n","protected":false},"author":2476,"featured_media":46375,"comment_status":"open","ping_status":"open","sticky":false,"template":"","format":"standard","meta":{"_jetpack_memberships_contains_paid_content":false,"footnotes":""},"categories":[2],"tags":[],"class_list":["post-46374","post","type-post","status-publish","format-standard","has-post-thumbnail","hentry","category-estado"],"jetpack_featured_media_url":"https:\/\/encuentroinformativo.com.mx\/wp-content\/uploads\/2023\/10\/Screenshot_20231012-223829.png","jetpack_sharing_enabled":true,"jetpack_likes_enabled":true,"amp_enabled":true,"_links":{"self":[{"href":"https:\/\/encuentroinformativo.com.mx\/index.php?rest_route=\/wp\/v2\/posts\/46374","targetHints":{"allow":["GET"]}}],"collection":[{"href":"https:\/\/encuentroinformativo.com.mx\/index.php?rest_route=\/wp\/v2\/posts"}],"about":[{"href":"https:\/\/encuentroinformativo.com.mx\/index.php?rest_route=\/wp\/v2\/types\/post"}],"author":[{"embeddable":true,"href":"https:\/\/encuentroinformativo.com.mx\/index.php?rest_route=\/wp\/v2\/users\/2476"}],"replies":[{"embeddable":true,"href":"https:\/\/encuentroinformativo.com.mx\/index.php?rest_route=%2Fwp%2Fv2%2Fcomments&post=46374"}],"version-history":[{"count":1,"href":"https:\/\/encuentroinformativo.com.mx\/index.php?rest_route=\/wp\/v2\/posts\/46374\/revisions"}],"predecessor-version":[{"id":46376,"href":"https:\/\/encuentroinformativo.com.mx\/index.php?rest_route=\/wp\/v2\/posts\/46374\/revisions\/46376"}],"wp:featuredmedia":[{"embeddable":true,"href":"https:\/\/encuentroinformativo.com.mx\/index.php?rest_route=\/wp\/v2\/media\/46375"}],"wp:attachment":[{"href":"https:\/\/encuentroinformativo.com.mx\/index.php?rest_route=%2Fwp%2Fv2%2Fmedia&parent=46374"}],"wp:term":[{"taxonomy":"category","embeddable":true,"href":"https:\/\/encuentroinformativo.com.mx\/index.php?rest_route=%2Fwp%2Fv2%2Fcategories&post=46374"},{"taxonomy":"post_tag","embeddable":true,"href":"https:\/\/encuentroinformativo.com.mx\/index.php?rest_route=%2Fwp%2Fv2%2Ftags&post=46374"}],"curies":[{"name":"wp","href":"https:\/\/api.w.org\/{rel}","templated":true}]}}