{"id":46379,"date":"2023-10-13T14:22:40","date_gmt":"2023-10-13T20:22:40","guid":{"rendered":"https:\/\/encuentroinformativo.com.mx\/?p=46379"},"modified":"2023-10-13T14:22:44","modified_gmt":"2023-10-13T20:22:44","slug":"reportan-una-familia-desaparecida-en-xalapa","status":"publish","type":"post","link":"https:\/\/encuentroinformativo.com.mx\/?p=46379","title":{"rendered":"Reportan una familia desaparecida en Xalapa"},"content":{"rendered":"\n<p><strong>Juan Arcos <\/strong><\/p>\n\n\n\n<p>Xalapa, Ver.- Una familia fue reportada como desaparecida desde hace dos semanas en la ciudad de Xalapa y hasta el momento no hay indicios de su paradero.<\/p>\n\n\n\n<p>Se trata de cuatro integrantes, entre ellos un menor de edad, cuyas fichas con sus datos particulares fueron emitidas por la Comisi\u00f3n Estatal de B\u00fasqueda (CEB).<\/p>\n\n\n\n<p>De acuerdo con la informaci\u00f3n oficial, desde el pasado 26 de septiembre est\u00e1n extraviados un adulto mayor, dos mujeres y un adolescente de 16 a\u00f1os.<\/p>\n\n\n\n<p>Sus seres queridos realizan jornadas de b\u00fasqueda para localizar a Zaira Daniela Rebolledo Garc\u00eda, Daniel Rebolledo Garc\u00eda, Rosal\u00eda Garc\u00eda y Petronilo Daniel Rebolledo P\u00e9rez.<\/p>\n\n\n\n<p>Daniel, de 16 a\u00f1os, mide un metro con 76 cent\u00edmetros. Tiene ojos color caf\u00e9 oscuro, piel blanca y cabello negro, corto y ondulado.<\/p>\n\n\n\n<p>Adem\u00e1s, tiene una cicatriz en el brazo derecho.<br>Zaira Daniela, de 30 a\u00f1os, mide un metro con 55 cent\u00edmetros. Tiene ojos color caf\u00e9 oscuro, piel blanca y cabello largo y lacio te\u00f1ido de rubio. Como se\u00f1as particulares tiene nariz recta, boca chica y labios delgados.<\/p>\n\n\n\n<p>Rosal\u00eda, de 51 a\u00f1os, mide un metro con 60 cent\u00edmetros. Tiene ojos color caf\u00e9 oscuro, piel morena clara y cabello, negro, largo y ondulado; tambi\u00e9n nariz recta, boca chica con labios delgados y una mancha en la espalda.<\/p>\n\n\n\n<p>Petronilo Daniel, de 64 a\u00f1os, mide un metro con 65 cent\u00edmetros. Tiene ojos color caf\u00e9 oscuro, piel morena clara y de cabello canoso, corto y ondulado. Como se\u00f1as particulares tiene nariz chata y boca mediana con labios delgados.<\/p>\n\n\n\n<p>Las fichas de la Comisi\u00f3n Estatal de B\u00fasqueda fueron difundidas durante el jueves 12 de octubre para dar con su paradero.<\/p>\n\n\n\n<p>Las personas que tengan informaci\u00f3n que contribuya a la b\u00fasqueda pueden comunicarse al n\u00famero telef\u00f3nico 228 319 3187.<\/p>\n","protected":false},"excerpt":{"rendered":"<p>Juan Arcos Xalapa, Ver.- Una familia fue reportada como desaparecida desde hace dos semanas en la ciudad de Xalapa y hasta el momento no hay indicios de su paradero. Se trata de cuatro integrantes, entre ellos un menor de edad, cuyas fichas con sus datos particulares fueron emitidas por la Comisi\u00f3n Estatal de B\u00fasqueda (CEB). [&hellip;]<\/p>\n","protected":false},"author":2476,"featured_media":46380,"comment_status":"open","ping_status":"open","sticky":false,"template":"","format":"standard","meta":{"_jetpack_memberships_contains_paid_content":false,"footnotes":""},"categories":[3],"tags":[],"class_list":["post-46379","post","type-post","status-publish","format-standard","has-post-thumbnail","hentry","category-xalapa"],"jetpack_featured_media_url":"https:\/\/encuentroinformativo.com.mx\/wp-content\/uploads\/2023\/10\/cda60df9-3100-4217-915b-e9a24cfa1997.jpg","jetpack_sharing_enabled":true,"jetpack_likes_enabled":true,"amp_enabled":true,"_links":{"self":[{"href":"https:\/\/encuentroinformativo.com.mx\/index.php?rest_route=\/wp\/v2\/posts\/46379","targetHints":{"allow":["GET"]}}],"collection":[{"href":"https:\/\/encuentroinformativo.com.mx\/index.php?rest_route=\/wp\/v2\/posts"}],"about":[{"href":"https:\/\/encuentroinformativo.com.mx\/index.php?rest_route=\/wp\/v2\/types\/post"}],"author":[{"embeddable":true,"href":"https:\/\/encuentroinformativo.com.mx\/index.php?rest_route=\/wp\/v2\/users\/2476"}],"replies":[{"embeddable":true,"href":"https:\/\/encuentroinformativo.com.mx\/index.php?rest_route=%2Fwp%2Fv2%2Fcomments&post=46379"}],"version-history":[{"count":1,"href":"https:\/\/encuentroinformativo.com.mx\/index.php?rest_route=\/wp\/v2\/posts\/46379\/revisions"}],"predecessor-version":[{"id":46381,"href":"https:\/\/encuentroinformativo.com.mx\/index.php?rest_route=\/wp\/v2\/posts\/46379\/revisions\/46381"}],"wp:featuredmedia":[{"embeddable":true,"href":"https:\/\/encuentroinformativo.com.mx\/index.php?rest_route=\/wp\/v2\/media\/46380"}],"wp:attachment":[{"href":"https:\/\/encuentroinformativo.com.mx\/index.php?rest_route=%2Fwp%2Fv2%2Fmedia&parent=46379"}],"wp:term":[{"taxonomy":"category","embeddable":true,"href":"https:\/\/encuentroinformativo.com.mx\/index.php?rest_route=%2Fwp%2Fv2%2Fcategories&post=46379"},{"taxonomy":"post_tag","embeddable":true,"href":"https:\/\/encuentroinformativo.com.mx\/index.php?rest_route=%2Fwp%2Fv2%2Ftags&post=46379"}],"curies":[{"name":"wp","href":"https:\/\/api.w.org\/{rel}","templated":true}]}}