{"id":46382,"date":"2023-10-13T14:26:38","date_gmt":"2023-10-13T20:26:38","guid":{"rendered":"https:\/\/encuentroinformativo.com.mx\/?p=46382"},"modified":"2023-10-13T14:26:41","modified_gmt":"2023-10-13T20:26:41","slug":"por-segundo-dia-protestan-en-poder-judicial","status":"publish","type":"post","link":"https:\/\/encuentroinformativo.com.mx\/?p=46382","title":{"rendered":"Por segundo d\u00eda, protestan en Poder Judicial"},"content":{"rendered":"\n<p><strong>Dar\u00edo Pale <\/strong><\/p>\n\n\n\n<p>Xalapa, Ver.-  Por segundo d\u00eda consecutivo protestan los trabajadores del Poder Judicial de la federaci\u00f3n esto debido a la desaparici\u00f3n de 13 fideicomisos, por lo cual cerraron un carril de Arco Sur.<\/p>\n\n\n\n<p>Este d\u00eda se realiz\u00f3 de nueva cuenta una protestas en las cuatro sedes del Poder Judicial en Xalapa en rechazo por la desaparici\u00f3n de 13 fideicomisos.<\/p>\n\n\n\n<p>Con pancartas y cartulinas, empleados de las oficinas de Arco Sur la mantuvieron cerrada la circulaci\u00f3n de un carril con direcci\u00f3n a las Trancas.<\/p>\n\n\n\n<p>En Ruiz Cortines a la altura del PRI tambi\u00e9n cerraron un carril con direcci\u00f3n a Tesorer\u00eda, en \u00c1vila Camacho a la altura de la calle Poza Rica las manifestaciones la hicieron sobre la banqueta.\u00a0<\/p>\n\n\n\n<p>La C\u00e1mara de Diputados analiza una iniciativa de ley que plantea la extinci\u00f3n de 13 de los 14 fideicomisos con los que cuenta el Poder Judicial de la Federaci\u00f3n, y de acuerdo con la Suprema Corte de Justicia de la Naci\u00f3n, la extinci\u00f3n de los fideicomisos afecta los derechos laborales de las y los trabajadores del poder judicial.<\/p>\n\n\n\n<p>Finalmente se\u00f1alaron que al menos 6 de ellos est\u00e1n relacionados con obligaciones patronales, cuyo cumplimiento constituyen derechos de los trabajadores, tanto laborales como de seguridad social: pensi\u00f3n, vivienda, cobertura de salud y retiro.<\/p>\n\n\n\n<figure class=\"wp-block-image size-large\"><img loading=\"lazy\" decoding=\"async\" width=\"1024\" height=\"768\" src=\"https:\/\/encuentroinformativo.com.mx\/wp-content\/uploads\/2023\/10\/IMG-20231013-WA0037-1024x768.jpg\" alt=\"\" class=\"wp-image-46384\" srcset=\"https:\/\/encuentroinformativo.com.mx\/wp-content\/uploads\/2023\/10\/IMG-20231013-WA0037-1024x768.jpg 1024w, https:\/\/encuentroinformativo.com.mx\/wp-content\/uploads\/2023\/10\/IMG-20231013-WA0037-300x225.jpg 300w, https:\/\/encuentroinformativo.com.mx\/wp-content\/uploads\/2023\/10\/IMG-20231013-WA0037-768x576.jpg 768w, https:\/\/encuentroinformativo.com.mx\/wp-content\/uploads\/2023\/10\/IMG-20231013-WA0037-1536x1152.jpg 1536w, https:\/\/encuentroinformativo.com.mx\/wp-content\/uploads\/2023\/10\/IMG-20231013-WA0037.jpg 1600w\" sizes=\"auto, (max-width: 1024px) 100vw, 1024px\" \/><\/figure>\n","protected":false},"excerpt":{"rendered":"<p>Dar\u00edo Pale Xalapa, Ver.- Por segundo d\u00eda consecutivo protestan los trabajadores del Poder Judicial de la federaci\u00f3n esto debido a la desaparici\u00f3n de 13 fideicomisos, por lo cual cerraron un carril de Arco Sur. Este d\u00eda se realiz\u00f3 de nueva cuenta una protestas en las cuatro sedes del Poder Judicial en Xalapa en rechazo por [&hellip;]<\/p>\n","protected":false},"author":2476,"featured_media":46383,"comment_status":"open","ping_status":"open","sticky":false,"template":"","format":"standard","meta":{"_jetpack_memberships_contains_paid_content":false,"footnotes":""},"categories":[3],"tags":[],"class_list":["post-46382","post","type-post","status-publish","format-standard","has-post-thumbnail","hentry","category-xalapa"],"jetpack_featured_media_url":"https:\/\/encuentroinformativo.com.mx\/wp-content\/uploads\/2023\/10\/IMG-20231013-WA0038.jpg","jetpack_sharing_enabled":true,"jetpack_likes_enabled":true,"amp_enabled":true,"_links":{"self":[{"href":"https:\/\/encuentroinformativo.com.mx\/index.php?rest_route=\/wp\/v2\/posts\/46382","targetHints":{"allow":["GET"]}}],"collection":[{"href":"https:\/\/encuentroinformativo.com.mx\/index.php?rest_route=\/wp\/v2\/posts"}],"about":[{"href":"https:\/\/encuentroinformativo.com.mx\/index.php?rest_route=\/wp\/v2\/types\/post"}],"author":[{"embeddable":true,"href":"https:\/\/encuentroinformativo.com.mx\/index.php?rest_route=\/wp\/v2\/users\/2476"}],"replies":[{"embeddable":true,"href":"https:\/\/encuentroinformativo.com.mx\/index.php?rest_route=%2Fwp%2Fv2%2Fcomments&post=46382"}],"version-history":[{"count":1,"href":"https:\/\/encuentroinformativo.com.mx\/index.php?rest_route=\/wp\/v2\/posts\/46382\/revisions"}],"predecessor-version":[{"id":46385,"href":"https:\/\/encuentroinformativo.com.mx\/index.php?rest_route=\/wp\/v2\/posts\/46382\/revisions\/46385"}],"wp:featuredmedia":[{"embeddable":true,"href":"https:\/\/encuentroinformativo.com.mx\/index.php?rest_route=\/wp\/v2\/media\/46383"}],"wp:attachment":[{"href":"https:\/\/encuentroinformativo.com.mx\/index.php?rest_route=%2Fwp%2Fv2%2Fmedia&parent=46382"}],"wp:term":[{"taxonomy":"category","embeddable":true,"href":"https:\/\/encuentroinformativo.com.mx\/index.php?rest_route=%2Fwp%2Fv2%2Fcategories&post=46382"},{"taxonomy":"post_tag","embeddable":true,"href":"https:\/\/encuentroinformativo.com.mx\/index.php?rest_route=%2Fwp%2Fv2%2Ftags&post=46382"}],"curies":[{"name":"wp","href":"https:\/\/api.w.org\/{rel}","templated":true}]}}