{"id":46386,"date":"2023-10-13T14:30:55","date_gmt":"2023-10-13T20:30:55","guid":{"rendered":"https:\/\/encuentroinformativo.com.mx\/?p=46386"},"modified":"2023-10-13T14:30:59","modified_gmt":"2023-10-13T20:30:59","slug":"cancer-cervicouterino-primera-causa-de-muerte-de-mujeres-en-veracruz","status":"publish","type":"post","link":"https:\/\/encuentroinformativo.com.mx\/?p=46386","title":{"rendered":"C\u00e1ncer cervicouterino primera causa de muerte de mujeres en Veracruz"},"content":{"rendered":"\n<p><strong>Dar\u00edo Pale <\/strong><\/p>\n\n\n\n<p>Xalapa, Ver.- C\u00e1ncer c\u00e9rvicouterino, primera causa de muerte en veracruzanas, el segundo lugar lo ocupa el c\u00e1ncer de mama, as\u00ed lo dio a conocer la presidenta de la Asociaci\u00f3n Civil Grupo Reto Xalapa, Minerva Fern\u00e1ndez Morales.<\/p>\n\n\n\n<p>En conferencia de prensa, dio a conocer que, &#8220;el c\u00e1ncer de mama en M\u00e9xico, seg\u00fan el Inegi, ocupa la primera causa de muerte en las mujeres, y en el estado de Veracruz el segundo lugar, y el primer lugar el c\u00e1ncer c\u00e9rvicouterino&#8221;.\u00a0<\/p>\n\n\n\n<p>Record\u00f3 que la organizaci\u00f3n la inici\u00f3 en el a\u00f1o 2010. &#8220;Vi salir de los consultorios a las mujeres que acaban de recibir el diagn\u00f3stico, con ese dolor, con esa angustia, con esa tristeza y dije voy a formar un grupo de apoyo&#8221;.<\/p>\n\n\n\n<p>Detall\u00f3 que cuando trabaj\u00f3 en el Issste apoy\u00f3 a muchas mujeres y el grupo est\u00e1 conformado por sobrevivientes de c\u00e1ncer y voluntarias.\u00a0<\/p>\n\n\n\n<p>&#8220;Tenemos nuestra Casa Reto en el que atendemos a las pacientes operadas de mastectom\u00eda, que han perdido un seno ambos, les apoyamos con las pr\u00f3tesis mamarias externas, les ayudan mantener su equilibrio, su imagen corporal y, sobre todo, su autoestima&#8221;, se\u00f1al\u00f3.<\/p>\n\n\n\n<p>Tambi\u00e9n dijo que se apoya a mujeres con pelucas, con turbantes, pues con la quimioterapia se cae el cabello. De manera que para obtener recursos tienen un bazar de ropa.<\/p>\n\n\n\n<p>&#8220;El c\u00e1ncer de mama es una patolog\u00eda, una enfermedad, que causa problemas multifactoriales de todo tipo, econ\u00f3mico&#8221;, coment\u00f3.<\/p>\n\n\n\n<p>Finalmente invit\u00f3 a las mujeres a realizar la autoexploraci\u00f3n, &#8220;le damos m\u00e1s importancia al maquillaje&#8221;, por lo que hay que hacer la observaci\u00f3n f\u00edsica y exprimir el pez\u00f3n para determinar el l\u00edquido y color que sale.<\/p>\n","protected":false},"excerpt":{"rendered":"<p>Dar\u00edo Pale Xalapa, Ver.- C\u00e1ncer c\u00e9rvicouterino, primera causa de muerte en veracruzanas, el segundo lugar lo ocupa el c\u00e1ncer de mama, as\u00ed lo dio a conocer la presidenta de la Asociaci\u00f3n Civil Grupo Reto Xalapa, Minerva Fern\u00e1ndez Morales. En conferencia de prensa, dio a conocer que, &#8220;el c\u00e1ncer de mama en M\u00e9xico, seg\u00fan el Inegi, [&hellip;]<\/p>\n","protected":false},"author":2476,"featured_media":46387,"comment_status":"open","ping_status":"open","sticky":false,"template":"","format":"standard","meta":{"_jetpack_memberships_contains_paid_content":false,"footnotes":""},"categories":[9],"tags":[],"class_list":["post-46386","post","type-post","status-publish","format-standard","has-post-thumbnail","hentry","category-salud"],"jetpack_featured_media_url":"https:\/\/encuentroinformativo.com.mx\/wp-content\/uploads\/2023\/10\/IMG-20231013-WA0028.jpg","jetpack_sharing_enabled":true,"jetpack_likes_enabled":true,"amp_enabled":true,"_links":{"self":[{"href":"https:\/\/encuentroinformativo.com.mx\/index.php?rest_route=\/wp\/v2\/posts\/46386","targetHints":{"allow":["GET"]}}],"collection":[{"href":"https:\/\/encuentroinformativo.com.mx\/index.php?rest_route=\/wp\/v2\/posts"}],"about":[{"href":"https:\/\/encuentroinformativo.com.mx\/index.php?rest_route=\/wp\/v2\/types\/post"}],"author":[{"embeddable":true,"href":"https:\/\/encuentroinformativo.com.mx\/index.php?rest_route=\/wp\/v2\/users\/2476"}],"replies":[{"embeddable":true,"href":"https:\/\/encuentroinformativo.com.mx\/index.php?rest_route=%2Fwp%2Fv2%2Fcomments&post=46386"}],"version-history":[{"count":1,"href":"https:\/\/encuentroinformativo.com.mx\/index.php?rest_route=\/wp\/v2\/posts\/46386\/revisions"}],"predecessor-version":[{"id":46388,"href":"https:\/\/encuentroinformativo.com.mx\/index.php?rest_route=\/wp\/v2\/posts\/46386\/revisions\/46388"}],"wp:featuredmedia":[{"embeddable":true,"href":"https:\/\/encuentroinformativo.com.mx\/index.php?rest_route=\/wp\/v2\/media\/46387"}],"wp:attachment":[{"href":"https:\/\/encuentroinformativo.com.mx\/index.php?rest_route=%2Fwp%2Fv2%2Fmedia&parent=46386"}],"wp:term":[{"taxonomy":"category","embeddable":true,"href":"https:\/\/encuentroinformativo.com.mx\/index.php?rest_route=%2Fwp%2Fv2%2Fcategories&post=46386"},{"taxonomy":"post_tag","embeddable":true,"href":"https:\/\/encuentroinformativo.com.mx\/index.php?rest_route=%2Fwp%2Fv2%2Ftags&post=46386"}],"curies":[{"name":"wp","href":"https:\/\/api.w.org\/{rel}","templated":true}]}}