{"id":46394,"date":"2023-10-13T19:03:50","date_gmt":"2023-10-14T01:03:50","guid":{"rendered":"https:\/\/encuentroinformativo.com.mx\/?p=46394"},"modified":"2023-10-13T19:03:54","modified_gmt":"2023-10-14T01:03:54","slug":"regidora-de-veracruz-participa-en-foro-latinoamericano-de-mujer-rural","status":"publish","type":"post","link":"https:\/\/encuentroinformativo.com.mx\/?p=46394","title":{"rendered":"Regidora de Veracruz participa en Foro Latinoamericano de Mujer Rural"},"content":{"rendered":"\n<p><strong>Alejandro \u00c1vila<\/strong><\/p>\n\n\n\n<p>Veracruz, Ver.- La regidora d\u00e9cimo tercera del Ayuntamiento de Veracruz, Belem Palmeros Exsome, particip\u00f3 exitosamente en el Primer Encuentro ODS (Objetivos de Desarrollo Sustentable) y Mujeres Rurales, organizado por la Fundaci\u00f3n Universitaria San Mart\u00edn en Colombia, junto con expertos y ponentes de Argentina, Mexico, Colombia y Venezuela, donde se abordaron temas de igualdad de g\u00e9nero y salud alimentaria.<\/p>\n\n\n\n<p>En su participaci\u00f3n, la edil priista destac\u00f3 que en el municipio de Veracruz se impulsan acciones para fortalecer el desarrollo de las mujeres que habitan en las 70 comunidades rurales del municipio y que conforman el 52 por ciento de la poblaci\u00f3n.<\/p>\n\n\n\n<p>Entre otras acciones especificadas en el Plan Municipal de Desarrollo 2022-2025, cit\u00f3 Belem Palmeros en su ponencia, el gobierno municipal impulsa acuerdos de extensionismo con entes acad\u00e9micos, p\u00fablicos, privados, civiles y sociales a fin de preparar a la mujer y la ni\u00f1a rural para su incursi\u00f3n hacia mejores niveles de calidad de vida que trasciendan su desempe\u00f1o tradicional.<\/p>\n\n\n\n<p>El objetivo de este foro es impulsar reflexiones desde los enfoques de pol\u00edticas p\u00fablicas aplicados a las mujeres rurales en toda Am\u00e9rica Latina; esto en v\u00edsperas del d\u00eda de la mujer rural que se conmemora cada 15 de Octubre.<\/p>\n","protected":false},"excerpt":{"rendered":"<p>Alejandro \u00c1vila Veracruz, Ver.- La regidora d\u00e9cimo tercera del Ayuntamiento de Veracruz, Belem Palmeros Exsome, particip\u00f3 exitosamente en el Primer Encuentro ODS (Objetivos de Desarrollo Sustentable) y Mujeres Rurales, organizado por la Fundaci\u00f3n Universitaria San Mart\u00edn en Colombia, junto con expertos y ponentes de Argentina, Mexico, Colombia y Venezuela, donde se abordaron temas de igualdad [&hellip;]<\/p>\n","protected":false},"author":2476,"featured_media":46395,"comment_status":"open","ping_status":"open","sticky":false,"template":"","format":"standard","meta":{"_jetpack_memberships_contains_paid_content":false,"footnotes":""},"categories":[2],"tags":[],"class_list":["post-46394","post","type-post","status-publish","format-standard","has-post-thumbnail","hentry","category-estado"],"jetpack_featured_media_url":"https:\/\/encuentroinformativo.com.mx\/wp-content\/uploads\/2023\/10\/IMG-20231013-WA00062.jpg","jetpack_sharing_enabled":true,"jetpack_likes_enabled":true,"amp_enabled":true,"_links":{"self":[{"href":"https:\/\/encuentroinformativo.com.mx\/index.php?rest_route=\/wp\/v2\/posts\/46394","targetHints":{"allow":["GET"]}}],"collection":[{"href":"https:\/\/encuentroinformativo.com.mx\/index.php?rest_route=\/wp\/v2\/posts"}],"about":[{"href":"https:\/\/encuentroinformativo.com.mx\/index.php?rest_route=\/wp\/v2\/types\/post"}],"author":[{"embeddable":true,"href":"https:\/\/encuentroinformativo.com.mx\/index.php?rest_route=\/wp\/v2\/users\/2476"}],"replies":[{"embeddable":true,"href":"https:\/\/encuentroinformativo.com.mx\/index.php?rest_route=%2Fwp%2Fv2%2Fcomments&post=46394"}],"version-history":[{"count":1,"href":"https:\/\/encuentroinformativo.com.mx\/index.php?rest_route=\/wp\/v2\/posts\/46394\/revisions"}],"predecessor-version":[{"id":46396,"href":"https:\/\/encuentroinformativo.com.mx\/index.php?rest_route=\/wp\/v2\/posts\/46394\/revisions\/46396"}],"wp:featuredmedia":[{"embeddable":true,"href":"https:\/\/encuentroinformativo.com.mx\/index.php?rest_route=\/wp\/v2\/media\/46395"}],"wp:attachment":[{"href":"https:\/\/encuentroinformativo.com.mx\/index.php?rest_route=%2Fwp%2Fv2%2Fmedia&parent=46394"}],"wp:term":[{"taxonomy":"category","embeddable":true,"href":"https:\/\/encuentroinformativo.com.mx\/index.php?rest_route=%2Fwp%2Fv2%2Fcategories&post=46394"},{"taxonomy":"post_tag","embeddable":true,"href":"https:\/\/encuentroinformativo.com.mx\/index.php?rest_route=%2Fwp%2Fv2%2Ftags&post=46394"}],"curies":[{"name":"wp","href":"https:\/\/api.w.org\/{rel}","templated":true}]}}