{"id":46400,"date":"2023-10-14T10:47:00","date_gmt":"2023-10-14T16:47:00","guid":{"rendered":"https:\/\/encuentroinformativo.com.mx\/?p=46400"},"modified":"2023-10-14T10:47:06","modified_gmt":"2023-10-14T16:47:06","slug":"hay-falla-de-pagos-en-todas-las-regiones-de-la-uv-fesapauv","status":"publish","type":"post","link":"https:\/\/encuentroinformativo.com.mx\/?p=46400","title":{"rendered":"Hay falla de pagos en todas las regiones de la UV: FESAPAUV"},"content":{"rendered":"\n<p><strong>Dar\u00edo Pale <\/strong><\/p>\n\n\n\n<p>Xalapa, Ver.- La Universidad Veracruzana (UV) incapaz de resolver problemas, hay falta de pagos en todas las regiones por lo que el Sindicato Estatal del Personal Acad\u00e9mico de la Universidad Veracruzana (FESAPAUV), respalda estas acciones en la FACICO.<\/p>\n\n\n\n<p>En entrevista el secretario general de Fesapauv, Enrique Levet Gorozpe, revel\u00f3 que en todas las regiones hay una cantidad importante de acad\u00e9micos a los que no se les ha pagado, esto tras el paro de labores que se llev\u00f3 a cabo en la facultad de Comunicaci\u00f3n de la Universidad Veracruzana, por falta de pago a maestros.<\/p>\n\n\n\n<p>Afirm\u00f3 que la falta de pagos se debe a total incapacidad de la Universidad de resolver los problemas, por lo que expres\u00f3 su total respaldo a las acciones emprendidas en la facultad de Comunicaci\u00f3n.<\/p>\n\n\n\n<p>&#8220;Ella (la maestra Roc\u00edo Ojeda) tiene toda la raz\u00f3n, ella est\u00e1 defendiendo a su gremio porque no les han pagado a los maestros de la facultad de Comunicaci\u00f3n&#8221;, se\u00f1al\u00f3.<\/p>\n\n\n\n<p>&#8220;A 11 maestros no les han pagado, de esos, un maestro es de tiempo completo y a otro que es t\u00e9cnico acad\u00e9mico. Me parece completamente injusto, estoy de acuerdo con lo que est\u00e1 haciendo la maestra (Roc\u00edo Ojeda)&#8221;, agreg\u00f3.<\/p>\n\n\n\n<p>El l\u00edder sindical aclar\u00f3 que el paro s\u00f3lo fue durante una hora mientras que las autoridades de la Universidad Veracruzana se comprometieron que a m\u00e1s tardar el d\u00eda mi\u00e9rcoles les paguen, por lo que critic\u00f3 que el sistema administrativo de la Casa de Estudios sea una &#8220;completa falla&#8221;.<\/p>\n\n\n\n<p>&#8220;No est\u00e1n cumpliendo. (El compromiso) es que les van a pagar, si no les pagan antes del mi\u00e9rcoles de la semana que entra, va a volver a estallarse otro paro&#8221;, advirti\u00f3.<\/p>\n\n\n\n<p>Explic\u00f3 que el lunes de la pr\u00f3xima semana habr\u00e1 una asamblea en el puerto de Veracruz, por ello, dijo que no quer\u00eda adelantar si ser\u00e1 o no paro indefinido.<\/p>\n\n\n\n<p>Levet Gorozpe rechaz\u00f3 que la UV no tenga recursos para cumplir con sus obligaciones, aunque revel\u00f3 que as\u00ed como en la facultad de Comunicaci\u00f3n, hay otras facultades, en las distintas regiones donde se est\u00e1n presentando situaciones similares.<\/p>\n\n\n\n<p>&#8220;Se est\u00e1 presentando en varias facultades. Ayer que fui a Poza Rica all\u00e1 hay un n\u00famero muy importante de maestros a los que no se les ha pagado, \u00a0en Orizaba me reportan que hay m\u00e1s de cien casos de maestros a los que no les han pagado&#8221;, coment\u00f3.<\/p>\n\n\n\n<p>&#8220;Aqu\u00ed en Veracruz, en otras escuelas suman un total de cien casos, en Coatzacoalcos tambi\u00e9n hay casos de maestros a los que no les han pagado, en fin, en todos lados&#8221;, expuso.<\/p>\n\n\n\n<p>Por \u00faltimo en ese sentido, el secretario general de Fesapauv afirm\u00f3 de manera contundente que esto es una consecuencia de la incapacidad de la Universidad para resolver el problema, pero sostuvo que no es por falta de recursos.<\/p>\n","protected":false},"excerpt":{"rendered":"<p>Dar\u00edo Pale Xalapa, Ver.- La Universidad Veracruzana (UV) incapaz de resolver problemas, hay falta de pagos en todas las regiones por lo que el Sindicato Estatal del Personal Acad\u00e9mico de la Universidad Veracruzana (FESAPAUV), respalda estas acciones en la FACICO. En entrevista el secretario general de Fesapauv, Enrique Levet Gorozpe, revel\u00f3 que en todas las [&hellip;]<\/p>\n","protected":false},"author":2476,"featured_media":46401,"comment_status":"open","ping_status":"open","sticky":false,"template":"","format":"standard","meta":{"_jetpack_memberships_contains_paid_content":false,"footnotes":""},"categories":[2],"tags":[],"class_list":["post-46400","post","type-post","status-publish","format-standard","has-post-thumbnail","hentry","category-estado"],"jetpack_featured_media_url":"https:\/\/encuentroinformativo.com.mx\/wp-content\/uploads\/2023\/10\/IMG-20231013-WA0039.jpg","jetpack_sharing_enabled":true,"jetpack_likes_enabled":true,"amp_enabled":true,"_links":{"self":[{"href":"https:\/\/encuentroinformativo.com.mx\/index.php?rest_route=\/wp\/v2\/posts\/46400","targetHints":{"allow":["GET"]}}],"collection":[{"href":"https:\/\/encuentroinformativo.com.mx\/index.php?rest_route=\/wp\/v2\/posts"}],"about":[{"href":"https:\/\/encuentroinformativo.com.mx\/index.php?rest_route=\/wp\/v2\/types\/post"}],"author":[{"embeddable":true,"href":"https:\/\/encuentroinformativo.com.mx\/index.php?rest_route=\/wp\/v2\/users\/2476"}],"replies":[{"embeddable":true,"href":"https:\/\/encuentroinformativo.com.mx\/index.php?rest_route=%2Fwp%2Fv2%2Fcomments&post=46400"}],"version-history":[{"count":1,"href":"https:\/\/encuentroinformativo.com.mx\/index.php?rest_route=\/wp\/v2\/posts\/46400\/revisions"}],"predecessor-version":[{"id":46402,"href":"https:\/\/encuentroinformativo.com.mx\/index.php?rest_route=\/wp\/v2\/posts\/46400\/revisions\/46402"}],"wp:featuredmedia":[{"embeddable":true,"href":"https:\/\/encuentroinformativo.com.mx\/index.php?rest_route=\/wp\/v2\/media\/46401"}],"wp:attachment":[{"href":"https:\/\/encuentroinformativo.com.mx\/index.php?rest_route=%2Fwp%2Fv2%2Fmedia&parent=46400"}],"wp:term":[{"taxonomy":"category","embeddable":true,"href":"https:\/\/encuentroinformativo.com.mx\/index.php?rest_route=%2Fwp%2Fv2%2Fcategories&post=46400"},{"taxonomy":"post_tag","embeddable":true,"href":"https:\/\/encuentroinformativo.com.mx\/index.php?rest_route=%2Fwp%2Fv2%2Ftags&post=46400"}],"curies":[{"name":"wp","href":"https:\/\/api.w.org\/{rel}","templated":true}]}}