{"id":46419,"date":"2023-10-14T17:40:18","date_gmt":"2023-10-14T23:40:18","guid":{"rendered":"https:\/\/encuentroinformativo.com.mx\/?p=46419"},"modified":"2023-10-14T17:40:22","modified_gmt":"2023-10-14T23:40:22","slug":"se-realizo-festival-de-las-aves-en-chichicaxtle","status":"publish","type":"post","link":"https:\/\/encuentroinformativo.com.mx\/?p=46419","title":{"rendered":"Se realiz\u00f3 Festival de las Aves en Chichicaxtle"},"content":{"rendered":"\n<p><strong>Elisa Aburto <\/strong><\/p>\n\n\n\n<p>Chichicaxtle, Puente Nacional, Ver.- Este s\u00e1bado en la comunidad de Chichicaxtle se realiz\u00f3 la d\u00e9cimo segunda edici\u00f3n del Festival de las Aves en el Observatorio de Aves &#8220;Dr. Mario A. Ramos&#8221;.<\/p>\n\n\n\n<p>Con la participaci\u00f3n de autoridades municipales, Pronatura, as\u00ed como instituciones educativas y ambientales, se llev\u00f3 a efecto el festival con la realizaci\u00f3n de talleres, documentales, y charlas, entre muchas otras; y es que a pesar de la lluvia de la ma\u00f1ana y el cielo nublado, cientos de personas de la regi\u00f3n as\u00ed como de otros puntos del estado e incluso de otros pa\u00edses se dieron cita para disfrutar de estas actividades.<\/p>\n\n\n\n<p>Durante la ceremonia protocolaria de inauguraci\u00f3n, Yumei Cabrera coordinadora de educaci\u00f3n ambiental en Pronatura, destac\u00f3 la participaci\u00f3n de los asistentes con exposiciones tales como autoridades de la Universidad Veracruzana, as\u00ed como el Instituto Tecnol\u00f3gico Agropecuario de Ursulo Galv\u00e1n (ITUG), entre otros.<\/p>\n\n\n\n<p>Por su parte, Daniela Nayen Rodr\u00edguez directora de Turismo del ayuntamiento coment\u00f3 que se rebas\u00f3 la expectativa de los asistentes a pesar del clima lluvioso en la zona.<\/p>\n\n\n\n<p>&#8220;Nosotros participamos tambi\u00e9n como Ayuntamiento con un stand donde tenemos actividades para ni\u00f1os, estamos vendiendo unas aves con una cooperaci\u00f3n de diez pesos para darlo como donativo al observatorio. Entonces son actividades para los ni\u00f1os, y uni\u00e9ndonos a la causa&#8221;.<\/p>\n\n\n\n<p>Los asistentes disfrutaron de distintas actividades para dibujar, colorear, adem\u00e1s de observar animales de distintas especies.<\/p>\n\n\n\n<figure class=\"wp-block-image size-large is-resized\"><img loading=\"lazy\" decoding=\"async\" src=\"https:\/\/encuentroinformativo.com.mx\/wp-content\/uploads\/2023\/10\/Photo_1697315711708-1024x583.jpg\" alt=\"\" class=\"wp-image-46416\" width=\"559\" height=\"318\" srcset=\"https:\/\/encuentroinformativo.com.mx\/wp-content\/uploads\/2023\/10\/Photo_1697315711708-1024x583.jpg 1024w, https:\/\/encuentroinformativo.com.mx\/wp-content\/uploads\/2023\/10\/Photo_1697315711708-300x171.jpg 300w, https:\/\/encuentroinformativo.com.mx\/wp-content\/uploads\/2023\/10\/Photo_1697315711708-768x437.jpg 768w, https:\/\/encuentroinformativo.com.mx\/wp-content\/uploads\/2023\/10\/Photo_1697315711708-1536x874.jpg 1536w, https:\/\/encuentroinformativo.com.mx\/wp-content\/uploads\/2023\/10\/Photo_1697315711708-2048x1166.jpg 2048w\" sizes=\"auto, (max-width: 559px) 100vw, 559px\" \/><\/figure>\n\n\n\n<figure class=\"wp-block-image size-large\"><img loading=\"lazy\" decoding=\"async\" width=\"1024\" height=\"681\" src=\"https:\/\/encuentroinformativo.com.mx\/wp-content\/uploads\/2023\/10\/IMG_20231014_163937_1080_x_1080_pixel2-1024x681.jpg\" alt=\"\" class=\"wp-image-46418\" srcset=\"https:\/\/encuentroinformativo.com.mx\/wp-content\/uploads\/2023\/10\/IMG_20231014_163937_1080_x_1080_pixel2-1024x681.jpg 1024w, https:\/\/encuentroinformativo.com.mx\/wp-content\/uploads\/2023\/10\/IMG_20231014_163937_1080_x_1080_pixel2-300x199.jpg 300w, https:\/\/encuentroinformativo.com.mx\/wp-content\/uploads\/2023\/10\/IMG_20231014_163937_1080_x_1080_pixel2-768x511.jpg 768w, https:\/\/encuentroinformativo.com.mx\/wp-content\/uploads\/2023\/10\/IMG_20231014_163937_1080_x_1080_pixel2.jpg 1080w\" sizes=\"auto, (max-width: 1024px) 100vw, 1024px\" \/><\/figure>\n","protected":false},"excerpt":{"rendered":"<p>Elisa Aburto Chichicaxtle, Puente Nacional, Ver.- Este s\u00e1bado en la comunidad de Chichicaxtle se realiz\u00f3 la d\u00e9cimo segunda edici\u00f3n del Festival de las Aves en el Observatorio de Aves &#8220;Dr. Mario A. Ramos&#8221;. Con la participaci\u00f3n de autoridades municipales, Pronatura, as\u00ed como instituciones educativas y ambientales, se llev\u00f3 a efecto el festival con la realizaci\u00f3n [&hellip;]<\/p>\n","protected":false},"author":2476,"featured_media":46417,"comment_status":"open","ping_status":"open","sticky":false,"template":"","format":"standard","meta":{"_jetpack_memberships_contains_paid_content":false,"footnotes":""},"categories":[8],"tags":[],"class_list":["post-46419","post","type-post","status-publish","format-standard","has-post-thumbnail","hentry","category-region"],"jetpack_featured_media_url":"https:\/\/encuentroinformativo.com.mx\/wp-content\/uploads\/2023\/10\/IMG_20231014_163904_1080_x_1080_pixel2.jpg","jetpack_sharing_enabled":true,"jetpack_likes_enabled":true,"amp_enabled":true,"_links":{"self":[{"href":"https:\/\/encuentroinformativo.com.mx\/index.php?rest_route=\/wp\/v2\/posts\/46419","targetHints":{"allow":["GET"]}}],"collection":[{"href":"https:\/\/encuentroinformativo.com.mx\/index.php?rest_route=\/wp\/v2\/posts"}],"about":[{"href":"https:\/\/encuentroinformativo.com.mx\/index.php?rest_route=\/wp\/v2\/types\/post"}],"author":[{"embeddable":true,"href":"https:\/\/encuentroinformativo.com.mx\/index.php?rest_route=\/wp\/v2\/users\/2476"}],"replies":[{"embeddable":true,"href":"https:\/\/encuentroinformativo.com.mx\/index.php?rest_route=%2Fwp%2Fv2%2Fcomments&post=46419"}],"version-history":[{"count":1,"href":"https:\/\/encuentroinformativo.com.mx\/index.php?rest_route=\/wp\/v2\/posts\/46419\/revisions"}],"predecessor-version":[{"id":46431,"href":"https:\/\/encuentroinformativo.com.mx\/index.php?rest_route=\/wp\/v2\/posts\/46419\/revisions\/46431"}],"wp:featuredmedia":[{"embeddable":true,"href":"https:\/\/encuentroinformativo.com.mx\/index.php?rest_route=\/wp\/v2\/media\/46417"}],"wp:attachment":[{"href":"https:\/\/encuentroinformativo.com.mx\/index.php?rest_route=%2Fwp%2Fv2%2Fmedia&parent=46419"}],"wp:term":[{"taxonomy":"category","embeddable":true,"href":"https:\/\/encuentroinformativo.com.mx\/index.php?rest_route=%2Fwp%2Fv2%2Fcategories&post=46419"},{"taxonomy":"post_tag","embeddable":true,"href":"https:\/\/encuentroinformativo.com.mx\/index.php?rest_route=%2Fwp%2Fv2%2Ftags&post=46419"}],"curies":[{"name":"wp","href":"https:\/\/api.w.org\/{rel}","templated":true}]}}