{"id":46424,"date":"2023-10-14T17:01:39","date_gmt":"2023-10-14T23:01:39","guid":{"rendered":"https:\/\/encuentroinformativo.com.mx\/?p=46424"},"modified":"2023-10-14T17:01:44","modified_gmt":"2023-10-14T23:01:44","slug":"tenemos-que-seguir-generando-la-revolucion-de-las-conciencias-foro-de-expresion","status":"publish","type":"post","link":"https:\/\/encuentroinformativo.com.mx\/?p=46424","title":{"rendered":"Tenemos que seguir generando la revoluci\u00f3n de las conciencias; Foro de Expresi\u00f3n"},"content":{"rendered":"\n<p>Xalapa, Ver.- Boca del R\u00edo retumbo este s\u00e1bado al grito de Unidos Todos, como resultado del Foro de Expresi\u00f3n del Pueblo realizado este d\u00eda en el WTC y contando con la participaci\u00f3n de dos mil 500 simpatizantes del Movimiento de Regeneraci\u00f3n Nacional (MORENA).<\/p>\n\n\n\n<p>Como es costumbre, familias completas se dieron cita para ser testigos de los logros y resultados que se han realizado durante la administraci\u00f3n de la 4T a nivel federal y estatal.<\/p>\n\n\n\n<p>El Maestro Eleazar Guerrero P\u00e9rez, l\u00edder de la agrupaci\u00f3n Unidos Todos reconoci\u00f3 que el foro es un espacio itinerante, donde se puede contrarrestar la desinformaci\u00f3n y las mentiras.<\/p>\n\n\n\n<p>\u201cAquellos que nos enga\u00f1aron durante tantos a\u00f1os contin\u00faan queriendo enga\u00f1ar a la gente dici\u00e9ndoles que la 4T transformaci\u00f3n, no existe que s\u00f3lo existe en la mente de algunos, por eso venimos recorriendo el estado\u201d, afirm\u00f3.<\/p>\n\n\n\n<p>Guerrero P\u00e9rez hizo un llamado a los hombres y mujeres reunidos a sumarse al movimiento, \u201cpor eso recorremos el estado ocupando nuestros d\u00edas de asueto, porque est\u00e1n sucediendo las cosas buenas Veracruz, porque hoy s\u00ed est\u00e1n sucediendo las cosas buenas en M\u00e9xico\u201d.<\/p>\n\n\n\n<p>El l\u00edder de Unidos Todos destac\u00f3 la importancia de seguir difundiendo las pol\u00edticas p\u00fablicas del presidente, Andr\u00e9s Manuel L\u00f3pez Obrador. \u201cEscuchamos juntos los testimonios de la gente. Venimos aqu\u00ed acompa\u00f1ando a los adultos mayores, a los pescadores y a nuestras mujeres comprometidas como les est\u00e1 cambiando la vida la 4T\u201d.<\/p>\n\n\n\n<p>Los foros de expresi\u00f3n le dan voz a la gente, se alimenta de escuchar a la poblaci\u00f3n, por tal motivo continuaran tocando puertas, recorriendo calles, colonias, pueblos y ciudades porque tenemos que seguir generando la revoluci\u00f3n de las conciencias.<\/p>\n\n\n\n<p>\u201cLa cuarta transformaci\u00f3n est\u00e1 comprometida con las causas m\u00e1s nobles del pueblo, queremos dejarles claro que el movimiento de la 4T es algo real, tangible, pero necesitamos continuar con esta lucha diaria\u201d, afirm\u00f3.<\/p>\n\n\n\n<p>Asimismo, fue contundente al precisar que nadie dividir\u00e1 al movimiento, \u201cen todo el estado est\u00e1n sucediendo cosas in\u00e9ditas, cosas que no hab\u00edan sucedido en ning\u00fan gobierno. Por eso tenemos que hacer realidad el proyecto de la 4T, vayamos juntos a encontrar ese M\u00e9xico que queremos entre todas y todos vamos juntos este 2024 en este proceso porque amor con amor se paga\u201d, puntualiz\u00f3.<\/p>\n\n\n\n<p><strong><em>La Cuarta Transformaci\u00f3n m\u00e1s viva que nunca; U<\/em>T<\/strong><\/p>\n\n\n\n<p>La ma\u00f1ana de este s\u00e1bado, cientos de boque\u00f1os y de zonas aleda\u00f1as formaron parte de el recorrido que el movimiento Unidos Todos ha emprendido para demostrar con el Foro Expresi\u00f3n del Pueblo que la Cuarta Transformaci\u00f3n est\u00e1 m\u00e1s viva que nunca.<\/p>\n\n\n\n<p>M\u00e1s de 2 mil 500 ciudadanos de este municipio costero participaron en el evento que tiene como uno de sus objetivos principales contrarrestar la desinformaci\u00f3n y mentiras que no permiten que el pa\u00eds avance.<\/p>\n\n\n\n<p>Mujeres y hombres escucharon de viva voz los testimonios de personas con convicci\u00f3n, a quienes esta Cuarta Transformaci\u00f3n ha cambiado de manera positiva sus vidas, afirmando que gracias a las pol\u00edticas establecidas por el presidente de la Rep\u00fablica, Andr\u00e9s Manuel Lopez Obrador han sido volteados a ver y han sido beneficiados.<\/p>\n\n\n\n<p>Al dirigirse al p\u00fablico presente, el l\u00edder de Unidos Todos, maestro Eleazar Guerrero P\u00e9rez destac\u00f3 que hoy en Veracruz suceden cosas buenas y se est\u00e1 transformando debido al liderazgo de Cuitl\u00e1huac Garc\u00eda Jim\u00e9nez a qui\u00e9n mostr\u00f3 reconocimiento y solidaridad.<\/p>\n\n\n\n<p>Guerrero P\u00e9rez dijo que es la Expresi\u00f3n del Pueblo es la que se necesita para mantenernos Unidos Todos y continuar con este proyecto de la Cuarta Transformaci\u00f3n, la cual est\u00e1 comprometida con las causas m\u00e1s nobles del pueblo.<\/p>\n\n\n\n<p>\u201cEste movimiento se nutre, se alimenta de escuchar a la gente. Por eso tenemos que seguir caminando, tocando puertas, recorriendo calles, colonias, pueblos, ciudades, porque tenemos que seguir generando la revoluci\u00f3n de conciencias y transformando la forma de pensar de muchos que no se han incorporado a este gran movimiento\u201d. Enfatiz\u00f3.<\/p>\n\n\n\n<p>Agradeci\u00f3 la participaci\u00f3n activa de mujeres y hombres comprometidos con la Cuarta transformaci\u00f3n, dejando en claro a los corruptos y mentirosos que enga\u00f1aron al pueblo por m\u00e1s de 35 a\u00f1os que el movimiento de la 4T es algo real, tangible, algo que se vive d\u00eda a d\u00eda en M\u00e9xico y Veracruz, este Foro de Expresi\u00f3n del Pueblo da constancia irrefutable de ello, finaliz\u00f3.<\/p>\n\n\n\n<figure class=\"wp-block-image size-large\"><img loading=\"lazy\" decoding=\"async\" width=\"1024\" height=\"478\" src=\"https:\/\/encuentroinformativo.com.mx\/wp-content\/uploads\/2023\/10\/IMG-20231014-WA0070-1024x478.jpg\" alt=\"\" class=\"wp-image-46426\" srcset=\"https:\/\/encuentroinformativo.com.mx\/wp-content\/uploads\/2023\/10\/IMG-20231014-WA0070-1024x478.jpg 1024w, https:\/\/encuentroinformativo.com.mx\/wp-content\/uploads\/2023\/10\/IMG-20231014-WA0070-300x140.jpg 300w, https:\/\/encuentroinformativo.com.mx\/wp-content\/uploads\/2023\/10\/IMG-20231014-WA0070-768x358.jpg 768w, https:\/\/encuentroinformativo.com.mx\/wp-content\/uploads\/2023\/10\/IMG-20231014-WA0070.jpg 1280w\" sizes=\"auto, (max-width: 1024px) 100vw, 1024px\" \/><\/figure>\n","protected":false},"excerpt":{"rendered":"<p>Xalapa, Ver.- Boca del R\u00edo retumbo este s\u00e1bado al grito de Unidos Todos, como resultado del Foro de Expresi\u00f3n del Pueblo realizado este d\u00eda en el WTC y contando con la participaci\u00f3n de dos mil 500 simpatizantes del Movimiento de Regeneraci\u00f3n Nacional (MORENA). Como es costumbre, familias completas se dieron cita para ser testigos de [&hellip;]<\/p>\n","protected":false},"author":2476,"featured_media":46425,"comment_status":"open","ping_status":"open","sticky":false,"template":"","format":"standard","meta":{"_jetpack_memberships_contains_paid_content":false,"footnotes":""},"categories":[2],"tags":[],"class_list":["post-46424","post","type-post","status-publish","format-standard","has-post-thumbnail","hentry","category-estado"],"jetpack_featured_media_url":"https:\/\/encuentroinformativo.com.mx\/wp-content\/uploads\/2023\/10\/IMG-20231014-WA0062.jpg","jetpack_sharing_enabled":true,"jetpack_likes_enabled":true,"amp_enabled":true,"_links":{"self":[{"href":"https:\/\/encuentroinformativo.com.mx\/index.php?rest_route=\/wp\/v2\/posts\/46424","targetHints":{"allow":["GET"]}}],"collection":[{"href":"https:\/\/encuentroinformativo.com.mx\/index.php?rest_route=\/wp\/v2\/posts"}],"about":[{"href":"https:\/\/encuentroinformativo.com.mx\/index.php?rest_route=\/wp\/v2\/types\/post"}],"author":[{"embeddable":true,"href":"https:\/\/encuentroinformativo.com.mx\/index.php?rest_route=\/wp\/v2\/users\/2476"}],"replies":[{"embeddable":true,"href":"https:\/\/encuentroinformativo.com.mx\/index.php?rest_route=%2Fwp%2Fv2%2Fcomments&post=46424"}],"version-history":[{"count":1,"href":"https:\/\/encuentroinformativo.com.mx\/index.php?rest_route=\/wp\/v2\/posts\/46424\/revisions"}],"predecessor-version":[{"id":46427,"href":"https:\/\/encuentroinformativo.com.mx\/index.php?rest_route=\/wp\/v2\/posts\/46424\/revisions\/46427"}],"wp:featuredmedia":[{"embeddable":true,"href":"https:\/\/encuentroinformativo.com.mx\/index.php?rest_route=\/wp\/v2\/media\/46425"}],"wp:attachment":[{"href":"https:\/\/encuentroinformativo.com.mx\/index.php?rest_route=%2Fwp%2Fv2%2Fmedia&parent=46424"}],"wp:term":[{"taxonomy":"category","embeddable":true,"href":"https:\/\/encuentroinformativo.com.mx\/index.php?rest_route=%2Fwp%2Fv2%2Fcategories&post=46424"},{"taxonomy":"post_tag","embeddable":true,"href":"https:\/\/encuentroinformativo.com.mx\/index.php?rest_route=%2Fwp%2Fv2%2Ftags&post=46424"}],"curies":[{"name":"wp","href":"https:\/\/api.w.org\/{rel}","templated":true}]}}