{"id":46432,"date":"2023-10-15T12:33:07","date_gmt":"2023-10-15T18:33:07","guid":{"rendered":"https:\/\/encuentroinformativo.com.mx\/?p=46432"},"modified":"2023-10-15T12:34:02","modified_gmt":"2023-10-15T18:34:02","slug":"lanzan-convocatoria-para-designar-a-senorita-jaripeo-2023","status":"publish","type":"post","link":"https:\/\/encuentroinformativo.com.mx\/?p=46432","title":{"rendered":"Lanzan convocatoria para designar a  Se\u00f1orita Jaripeo 2023"},"content":{"rendered":"\n<p><strong>Alejandro \u00c1vila<\/strong><\/p>\n\n\n\n<p>Medell\u00edn de Bravo, Ver.- Hace unos d\u00edas, la Asociaci\u00f3n Civil que presiden el empresario, Guillermo Herrada Jim\u00e9nez, lanz\u00f3 la convocatoria para encontrar a la Se\u00f1orita Jaripeo 2023, misma que ser\u00e1 la embajadora de este evento a realizarse el pr\u00f3ximo 19 de noviembre en Medell\u00edn de Bravo.<\/p>\n\n\n\n<p>La se\u00f1orita Jaripeo 2023 ser\u00e1 la encargada de destacar la belleza, elegancia y destreza de las mujeres de Medell\u00edn de Bravo.<\/p>\n\n\n\n<p>De igual forma, se busca promover la cultura del jaripeo y resaltar el papel de las mujeres en esta tradici\u00f3n tan arraigada esta comunidad. Las participantes tendr\u00e1n la oportunidad de mostrar su destreza en el manejo de caballos, su elegancia en la monta y su conocimiento sobre la historia y tradiciones del jaripeo.<\/p>\n\n\n\n<p>\u201cSiempre me ha gustado que las mujeres de mi municipio destaquen, pero no solo por la belleza caracter\u00edstica de la mujer medellinense, si no tambi\u00e9n por su inteligencia, habilidades y conocimiento de nuestras tradiciones\u201d, manifest\u00f3 el empresario veracruzano, Guillermo Herrada.<\/p>\n\n\n\n<p>La convocatoria est\u00e1 abierta a todas las mujeres mayores de 18 a\u00f1os, residentes de Medell\u00edn de Bravo, que tengan pasi\u00f3n por el jaripeo y deseen representar a su comunidad en este importante evento. No es necesario contar con experiencia previa en monta de caballos, ya que se valorar\u00e1n otras habilidades y aptitudes relacionadas con el jaripeo y la cultura local.<\/p>\n\n\n\n<p>Las interesadas en participar deber\u00e1n contar con su membres\u00eda MEMO, tener identificaci\u00f3n oficial con domicilio en Medell\u00edn de Bravo y contar con traje t\u00edpico regional.<\/p>\n\n\n\n<p>La Asociaci\u00f3n Civil MEMO invita a todas las mujeres de Medell\u00edn de Bravo a sumarse a esta emocionante experiencia y a ser parte de la tradici\u00f3n y cultura de Medell\u00edn de Bravo.<\/p>\n\n\n\n<p>Para m\u00e1s informaci\u00f3n podr\u00e1n consultar las redes sociales de la Asociaci\u00f3n Civil MEMO, as\u00ed como las del empresario, Guillermo Herrada Jim\u00e9nez.<\/p>\n\n\n\n<figure class=\"wp-block-image size-large\"><img loading=\"lazy\" decoding=\"async\" width=\"1024\" height=\"1024\" src=\"https:\/\/encuentroinformativo.com.mx\/wp-content\/uploads\/2023\/10\/IMG-20231015-WA0002-1024x1024.jpg\" alt=\"\" class=\"wp-image-46433\" srcset=\"https:\/\/encuentroinformativo.com.mx\/wp-content\/uploads\/2023\/10\/IMG-20231015-WA0002-1024x1024.jpg 1024w, https:\/\/encuentroinformativo.com.mx\/wp-content\/uploads\/2023\/10\/IMG-20231015-WA0002-300x300.jpg 300w, https:\/\/encuentroinformativo.com.mx\/wp-content\/uploads\/2023\/10\/IMG-20231015-WA0002-150x150.jpg 150w, https:\/\/encuentroinformativo.com.mx\/wp-content\/uploads\/2023\/10\/IMG-20231015-WA0002-768x768.jpg 768w, https:\/\/encuentroinformativo.com.mx\/wp-content\/uploads\/2023\/10\/IMG-20231015-WA0002.jpg 1080w\" sizes=\"auto, (max-width: 1024px) 100vw, 1024px\" \/><\/figure>\n","protected":false},"excerpt":{"rendered":"<p>Alejandro \u00c1vila Medell\u00edn de Bravo, Ver.- Hace unos d\u00edas, la Asociaci\u00f3n Civil que presiden el empresario, Guillermo Herrada Jim\u00e9nez, lanz\u00f3 la convocatoria para encontrar a la Se\u00f1orita Jaripeo 2023, misma que ser\u00e1 la embajadora de este evento a realizarse el pr\u00f3ximo 19 de noviembre en Medell\u00edn de Bravo. La se\u00f1orita Jaripeo 2023 ser\u00e1 la encargada [&hellip;]<\/p>\n","protected":false},"author":2476,"featured_media":46433,"comment_status":"open","ping_status":"open","sticky":false,"template":"","format":"standard","meta":{"_jetpack_memberships_contains_paid_content":false,"footnotes":""},"categories":[2],"tags":[],"class_list":["post-46432","post","type-post","status-publish","format-standard","has-post-thumbnail","hentry","category-estado"],"jetpack_featured_media_url":"https:\/\/encuentroinformativo.com.mx\/wp-content\/uploads\/2023\/10\/IMG-20231015-WA0002.jpg","jetpack_sharing_enabled":true,"jetpack_likes_enabled":true,"amp_enabled":true,"_links":{"self":[{"href":"https:\/\/encuentroinformativo.com.mx\/index.php?rest_route=\/wp\/v2\/posts\/46432","targetHints":{"allow":["GET"]}}],"collection":[{"href":"https:\/\/encuentroinformativo.com.mx\/index.php?rest_route=\/wp\/v2\/posts"}],"about":[{"href":"https:\/\/encuentroinformativo.com.mx\/index.php?rest_route=\/wp\/v2\/types\/post"}],"author":[{"embeddable":true,"href":"https:\/\/encuentroinformativo.com.mx\/index.php?rest_route=\/wp\/v2\/users\/2476"}],"replies":[{"embeddable":true,"href":"https:\/\/encuentroinformativo.com.mx\/index.php?rest_route=%2Fwp%2Fv2%2Fcomments&post=46432"}],"version-history":[{"count":2,"href":"https:\/\/encuentroinformativo.com.mx\/index.php?rest_route=\/wp\/v2\/posts\/46432\/revisions"}],"predecessor-version":[{"id":46435,"href":"https:\/\/encuentroinformativo.com.mx\/index.php?rest_route=\/wp\/v2\/posts\/46432\/revisions\/46435"}],"wp:featuredmedia":[{"embeddable":true,"href":"https:\/\/encuentroinformativo.com.mx\/index.php?rest_route=\/wp\/v2\/media\/46433"}],"wp:attachment":[{"href":"https:\/\/encuentroinformativo.com.mx\/index.php?rest_route=%2Fwp%2Fv2%2Fmedia&parent=46432"}],"wp:term":[{"taxonomy":"category","embeddable":true,"href":"https:\/\/encuentroinformativo.com.mx\/index.php?rest_route=%2Fwp%2Fv2%2Fcategories&post=46432"},{"taxonomy":"post_tag","embeddable":true,"href":"https:\/\/encuentroinformativo.com.mx\/index.php?rest_route=%2Fwp%2Fv2%2Ftags&post=46432"}],"curies":[{"name":"wp","href":"https:\/\/api.w.org\/{rel}","templated":true}]}}