{"id":46439,"date":"2023-10-15T12:52:20","date_gmt":"2023-10-15T18:52:20","guid":{"rendered":"https:\/\/encuentroinformativo.com.mx\/?p=46439"},"modified":"2023-10-15T12:52:25","modified_gmt":"2023-10-15T18:52:25","slug":"denuncia-diputado-amenaza-de-levanton-ante-fge","status":"publish","type":"post","link":"https:\/\/encuentroinformativo.com.mx\/?p=46439","title":{"rendered":"Denuncia diputado amenaza de &#8220;levant\u00f3n&#8221; ante FGE"},"content":{"rendered":"\n<p>Alejandro \u00c1vila<\/p>\n\n\n\n<p>Medell\u00edn de Bravo, Ver.- El diputado, Magdaleno Rosales Torres, denunciar\u00e1 ante la Fiscal\u00eda General de Veracruz las amenazas de ser &#8220;levantado&#8221; de las cuales asegura es v\u00edctima; el legislador se\u00f1al\u00f3 que presuntos grupos vinculados al alcalde de Medell\u00edn de Bravo, han estado vigilando su vivienda, siendo ya plenamente identificados por el morenista.<\/p>\n\n\n\n<p>Es por ello que, Maleno solicitar\u00e1 al gobernador, Cuitl\u00e1huac Garc\u00eda Jim\u00e9nez, a la Fiscal, Ver\u00f3nica Hern\u00e1ndez Giad\u00e1ns, as\u00ed como a la Secretar\u00eda de Seguridad P\u00fablica y Guardia Nacional, investigar los presuntos v\u00ednculos entre la autoridad municipal y los grupos delictivos que operan libremente en Medell\u00edn de Bravo, localidad que ha sido objeto de un incremento en asaltos y secuestros durante las \u00faltimas semanas.<\/p>\n\n\n\n<p>En el d\u00eda 138 del plant\u00f3n permanente en la plaza principal, Maleno Rosales hizo p\u00fablicas las amenazas de las que viene siendo objeto, tanto por v\u00eda celular como en las inmediaciones de su casa; lugar donde se identific\u00f3 al primo hermano de la titular de Obras P\u00fablicas de Medell\u00edn -sujeto que porta armas de fuego- como uno de los vig\u00edas de la casa del diputado.<\/p>\n\n\n\n<p>El legislador, dijo en una transmisi\u00f3n en vivo que estas acciones no lo intimidan, ni mucho menos va a recular en su tarea de denunciar los abusos de las autoridades, pues el pueblo debe conocer cualquier tipo de irregularidad.<\/p>\n\n\n\n<p>&#8220;El alcalde est\u00e1 muy enojado por todo lo que hemos hecho en defensa del sindicato &#8220;Teniente Jos\u00e9 Azueta&#8221; y de la poblaci\u00f3n; adem\u00e1s, hay que decirlo con todas sus letras, aqu\u00ed la inseguridad es solapada por la autoridad local&#8217;, se\u00f1al\u00f3.<\/p>\n\n\n\n<p>Por ello, dijo, estaremos presentando una nueva denuncia penal para que se investiguen los presuntos v\u00ednculos del Alcalde con los grupos delictivos. Si est\u00e1 pagando &#8220;piso&#8221; para dejarles actuar debe ser investigado, porque no es posible que hayan resurgido los secuestros, por ejemplo.<\/p>\n\n\n\n<p>Afirm\u00f3 que el alcalde Marcos Isle\u00f1o se siente perdido por el camino que ha escogido, ya que se le se\u00f1ala del quebranto por m\u00e1s de 84 millones de pesos, por sus v\u00ednculos con Grupo MAS y Urbanizadora Medell\u00edn y ahora por permitir actuar a los delincuentes.<\/p>\n\n\n\n<p>&#8220;Hago responsable al presidente municipal Marcos Isle\u00f1o Andrade por lo que me pueda pasar en lo personal, a mi familia o mis colaboradores y as\u00ed ser\u00e1 asentado en la segunda denuncia penal ante la Fiscal\u00eda General del Estado&#8221;, advirti\u00f3.<\/p>\n","protected":false},"excerpt":{"rendered":"<p>Alejandro \u00c1vila Medell\u00edn de Bravo, Ver.- El diputado, Magdaleno Rosales Torres, denunciar\u00e1 ante la Fiscal\u00eda General de Veracruz las amenazas de ser &#8220;levantado&#8221; de las cuales asegura es v\u00edctima; el legislador se\u00f1al\u00f3 que presuntos grupos vinculados al alcalde de Medell\u00edn de Bravo, han estado vigilando su vivienda, siendo ya plenamente identificados por el morenista. Es [&hellip;]<\/p>\n","protected":false},"author":2476,"featured_media":46440,"comment_status":"open","ping_status":"open","sticky":false,"template":"","format":"standard","meta":{"_jetpack_memberships_contains_paid_content":false,"footnotes":""},"categories":[2],"tags":[],"class_list":["post-46439","post","type-post","status-publish","format-standard","has-post-thumbnail","hentry","category-estado"],"jetpack_featured_media_url":"https:\/\/encuentroinformativo.com.mx\/wp-content\/uploads\/2023\/10\/IMG-20231015-WA0005.jpg","jetpack_sharing_enabled":true,"jetpack_likes_enabled":true,"amp_enabled":true,"_links":{"self":[{"href":"https:\/\/encuentroinformativo.com.mx\/index.php?rest_route=\/wp\/v2\/posts\/46439","targetHints":{"allow":["GET"]}}],"collection":[{"href":"https:\/\/encuentroinformativo.com.mx\/index.php?rest_route=\/wp\/v2\/posts"}],"about":[{"href":"https:\/\/encuentroinformativo.com.mx\/index.php?rest_route=\/wp\/v2\/types\/post"}],"author":[{"embeddable":true,"href":"https:\/\/encuentroinformativo.com.mx\/index.php?rest_route=\/wp\/v2\/users\/2476"}],"replies":[{"embeddable":true,"href":"https:\/\/encuentroinformativo.com.mx\/index.php?rest_route=%2Fwp%2Fv2%2Fcomments&post=46439"}],"version-history":[{"count":1,"href":"https:\/\/encuentroinformativo.com.mx\/index.php?rest_route=\/wp\/v2\/posts\/46439\/revisions"}],"predecessor-version":[{"id":46441,"href":"https:\/\/encuentroinformativo.com.mx\/index.php?rest_route=\/wp\/v2\/posts\/46439\/revisions\/46441"}],"wp:featuredmedia":[{"embeddable":true,"href":"https:\/\/encuentroinformativo.com.mx\/index.php?rest_route=\/wp\/v2\/media\/46440"}],"wp:attachment":[{"href":"https:\/\/encuentroinformativo.com.mx\/index.php?rest_route=%2Fwp%2Fv2%2Fmedia&parent=46439"}],"wp:term":[{"taxonomy":"category","embeddable":true,"href":"https:\/\/encuentroinformativo.com.mx\/index.php?rest_route=%2Fwp%2Fv2%2Fcategories&post=46439"},{"taxonomy":"post_tag","embeddable":true,"href":"https:\/\/encuentroinformativo.com.mx\/index.php?rest_route=%2Fwp%2Fv2%2Ftags&post=46439"}],"curies":[{"name":"wp","href":"https:\/\/api.w.org\/{rel}","templated":true}]}}