{"id":4644,"date":"2020-08-05T07:15:22","date_gmt":"2020-08-05T12:15:22","guid":{"rendered":"https:\/\/encuentroinformativo.com\/?p=4644"},"modified":"2020-08-05T02:44:29","modified_gmt":"2020-08-05T07:44:29","slug":"los-trancazos-en-morena","status":"publish","type":"post","link":"https:\/\/encuentroinformativo.com.mx\/?p=4644","title":{"rendered":"LOS TRANCAZOS EN MORENA"},"content":{"rendered":"\n<p><strong>+ Que s\u00ed hay pruebas Covid, dice SSA.<br>+ T\u00edo Mike a punto de perder su guajolojet.<br>+ Cazar\u00edn dando el rol por los Tuxtlas.<br><br><em>Que lo de Odebrecht dar\u00e1 para mucha tela de d\u00f3nde cortar en Veracruz. Al tiempo&#8230; como el whisky se debe tomar.<br>&#8211;Chopenjawer<\/em><br><\/strong><br>A trav\u00e9s de un comunicado que circul\u00f3\u00a0<a href=\"outlook-data-detector:\/\/0\">este martes<\/a>, integrantes del Comit\u00e9 Ejecutivo Estatal de Morena en Veracruz, reiteraron que el secretario general Gonzalo Vicencio Flores no tiene funciones de presidente estatal de dicho partido, y recordaron que existe un acuerdo aprobado del Comit\u00e9 Ejecutivo Nacional que design\u00f3 un delegado en la entidad veracruzana con funciones de presidente, de nombre Hugo Alberto Mart\u00ednez Lino (quien tampoco aparece mucho que digamos en el escenario pol\u00edtico).<\/p>\n\n\n\n<p>En el documento se detalla que Vicencio Flores no tiene el nombramiento del Comit\u00e9 Nacional, ni mucho menos un reconocimiento del Organismo P\u00fablico Local Electoral (OPLE) bajo instrucci\u00f3n del Instituto Nacional Electoral. Adem\u00e1s, subrayan que se conduce falsamente y sin soporte legal &#8220;en pretensi\u00f3n de secretario general en funciones de presidente&#8221;.<\/p>\n\n\n\n<p>A tan s\u00f3lo unas semanas de que inicie el periodo electoral, existen al menos tres &#8220;dirigentes&#8221; en Morena: el &#8220;formal&#8221;, que es Hugo Alberto Mart\u00ednez Lino; el que se dice dirigente de facto, Gonzalo Vicencio Flores; y Jaime Humberto P\u00e9rez Bernab\u00e9, exsecretario de Finanzas del exdirigente estatal y hoy superdelegado federal Manuel Huerta Ladr\u00f3n de Guevara.<\/p>\n\n\n\n<p>Manuel Huerta es tambi\u00e9n un aferrado opositor del grupo del gobernador Cuitl\u00e1huac Garc\u00eda Jim\u00e9nez y tiene su propio grupo de diputados morenistas en el Congreso del Estado. A saber: Cristina Alarc\u00f3n Guti\u00e9rrez, J\u00e9ssica Ram\u00edrez Cisneros, Ana Miriam Ferr\u00e1ez Centeno, Augusto Nahum \u00c1lvarez Pellico, Jos\u00e9 Andr\u00e9s Castellanos Vel\u00e1zquez, Le\u00f3n David Jim\u00e9nez Reyes y Jos\u00e9 Magdaleno Rosales Torres.<\/p>\n\n\n\n<p>Por lo pronto, mientras siguen los &#8220;cocolazos&#8221; (sin ponerse de acuerdo en qui\u00e9n diantres dirige al partido y le apuestan a la divisi\u00f3n), ya hay grupos regionales que al interior comienzan a hacer ruido porque ya desde ahorita est\u00e1n mostrando rechazo a lo que ser\u00eda la virtual alianza entre el partido lopezobradorista y el Partido Verde Ecologista de M\u00e9xico (PVEM).<\/p>\n\n\n\n<p>Y es que mientras muchos ven &#8220;viable&#8221; esta coalici\u00f3n por mero pragmatismo, hay un sector dentro de MORENA que repudia al otrora partido ecologista que se ha convertido en una r\u00e9mora que se al\u00eda de acuerdo a sus intereses para subsistir: lo hizo con el PAN, lo hizo con el PRI y finalmente (de concretarse) lo har\u00e1 con el Movimiento Regeneraci\u00f3n Nacional.<\/p>\n\n\n\n<p>En Coatepec, por ejemplo, recientemente hubo una reuni\u00f3n donde se reunieron diferentes liderazgos de la regi\u00f3n para expresar su rechazo contundente a la posible alianza con el PVEM para la elecci\u00f3n del a\u00f1o pr\u00f3ximo. Uno de ellos, el regidor Jorge Ignacio Luna Hern\u00e1ndez, regidor del pueblo m\u00e1gico, expres\u00f3 que los militantes no van a permitir que haya pol\u00edticos impresentables en las filas de dicho partido pol\u00edtico y mucho menos, que sean candidatos.<\/p>\n\n\n\n<p>&#8220;No a los oportunistas, no al influyentismo, no al nepotismo&#8221;, fue la posici\u00f3n fijada por los militantes morenistas en Coatepec.<\/p>\n\n\n\n<p>Mientras, pareciera que el partido en Veracruz est\u00e1 ac\u00e9falo, tal como ocurre all\u00e1 en el Altiplano, donde est\u00e1n los trancazos como en los mejores momentos del desmantelado PRD.<\/p>\n\n\n\n<p><strong>NOTA PARA PEGAR EN EL REFRI:&nbsp;<\/strong>Que rechaza la Secretar\u00eda de Salud los rumores sobre la falta de reactivos para realizar la prueba de COVID-19; anoche, en su transmisi\u00f3n v\u00eda redes sociales, la Secretar\u00eda de Salud neg\u00f3 rotundamente que exista desabasto en el Laboratorio Estatal de Salud P\u00fablica, &#8220;pues se cuenta con suficientes insumos para cubrir la demanda en el estado&#8221;, de acuerdo al comunicado enviado anoche&#8230; Por lo pronto, anoche aumentaron tanto los muertos como los casos confirmados: hay reporte de 2 mil 920 fallecimientos (+45 nuevos respecto al d\u00eda anterior) en 150 demarcaciones; y 3 mil 072 personas sospechosas de 144 municipios contin\u00faan en investigaci\u00f3n. La cifra de positivos acumulados es de 22 mil 182 (+176 nuevos) en 198 municipios.<\/p>\n\n\n\n<p><strong>OTRA NOTA:&nbsp;<\/strong>Se trata del jet de uso personal del exgobernador Miguel Alem\u00e1n Velasco y lo informa el diario Milenio, en nota de Rub\u00e9n Mosso: &#8220;Un juez federal desech\u00f3 una demanda de amparo que promovi\u00f3 Interjet, con la cual intentaban frenar que un jet de la familia Alem\u00e1n no quede en manos del Bank of America. De acuerdo con el amparo radicado en el juzgado D\u00e9cimo Sexto de Distrito en Materia Administrativa con sede en la Ciudad de M\u00e9xico, la empresa a\u00e9rea reclam\u00f3 la orden y ejecuci\u00f3n del retiro de la aeronave Marca Gulfstream, modelo GV-SP (G550), con n\u00famero de serie 5393, matr\u00edcula XA-MAV (&#8230;) La aeronave en disputa tiene tres meses sin usarse y permanece en un hangar del Aeropuerto Internacional de Toluca, en el Estado de M\u00e9xico&#8221;.<\/p>\n\n\n\n<p><strong>LA \u00daLTIMA PORQUE AL RATO VIAJAMOS AL NORTE EN HELIC\u00d3PTERO PRESTADO:\u00a0<\/strong>Quien anda dando el rol por su distrito, es el diputado presidente de la Junta de Coordinaci\u00f3n Pol\u00edtica en el Congreso del Estado, Juan Javier G\u00f3mez Cazar\u00edn. Estuvo en el Instituto Tecnol\u00f3gico de San Andr\u00e9s Tuxtla, en la Jurisdicci\u00f3n Sanitaria y en la Telesecundaria &#8220;Mariano Escobedo&#8221;, donde atendi\u00f3 solicitudes olvidadas por a\u00f1os en los Tuxtlas.<br><\/p>\n\n\n\n<p><strong>@pablojair<\/strong><\/p>\n","protected":false},"excerpt":{"rendered":"<p>+ Que s\u00ed hay pruebas Covid, dice SSA.+ T\u00edo Mike a punto de perder su guajolojet.+ Cazar\u00edn dando el rol por los Tuxtlas. Que lo de Odebrecht dar\u00e1 para mucha tela de d\u00f3nde cortar en Veracruz. Al tiempo&#8230; como el whisky se debe tomar.&#8211;ChopenjawerA trav\u00e9s de un comunicado que circul\u00f3\u00a0este martes, integrantes del Comit\u00e9 Ejecutivo [&hellip;]<\/p>\n","protected":false},"author":1,"featured_media":488,"comment_status":"open","ping_status":"open","sticky":false,"template":"","format":"standard","meta":{"_jetpack_memberships_contains_paid_content":false,"footnotes":""},"categories":[11],"tags":[],"class_list":["post-4644","post","type-post","status-publish","format-standard","has-post-thumbnail","hentry","category-opinion"],"jetpack_featured_media_url":"https:\/\/encuentroinformativo.com.mx\/wp-content\/uploads\/2020\/03\/F471F608-BA1A-416B-BA7B-BCFB24F4E6D0.jpeg","jetpack_sharing_enabled":true,"jetpack_likes_enabled":true,"amp_enabled":true,"_links":{"self":[{"href":"https:\/\/encuentroinformativo.com.mx\/index.php?rest_route=\/wp\/v2\/posts\/4644","targetHints":{"allow":["GET"]}}],"collection":[{"href":"https:\/\/encuentroinformativo.com.mx\/index.php?rest_route=\/wp\/v2\/posts"}],"about":[{"href":"https:\/\/encuentroinformativo.com.mx\/index.php?rest_route=\/wp\/v2\/types\/post"}],"author":[{"embeddable":true,"href":"https:\/\/encuentroinformativo.com.mx\/index.php?rest_route=\/wp\/v2\/users\/1"}],"replies":[{"embeddable":true,"href":"https:\/\/encuentroinformativo.com.mx\/index.php?rest_route=%2Fwp%2Fv2%2Fcomments&post=4644"}],"version-history":[{"count":1,"href":"https:\/\/encuentroinformativo.com.mx\/index.php?rest_route=\/wp\/v2\/posts\/4644\/revisions"}],"predecessor-version":[{"id":4645,"href":"https:\/\/encuentroinformativo.com.mx\/index.php?rest_route=\/wp\/v2\/posts\/4644\/revisions\/4645"}],"wp:featuredmedia":[{"embeddable":true,"href":"https:\/\/encuentroinformativo.com.mx\/index.php?rest_route=\/wp\/v2\/media\/488"}],"wp:attachment":[{"href":"https:\/\/encuentroinformativo.com.mx\/index.php?rest_route=%2Fwp%2Fv2%2Fmedia&parent=4644"}],"wp:term":[{"taxonomy":"category","embeddable":true,"href":"https:\/\/encuentroinformativo.com.mx\/index.php?rest_route=%2Fwp%2Fv2%2Fcategories&post=4644"},{"taxonomy":"post_tag","embeddable":true,"href":"https:\/\/encuentroinformativo.com.mx\/index.php?rest_route=%2Fwp%2Fv2%2Ftags&post=4644"}],"curies":[{"name":"wp","href":"https:\/\/api.w.org\/{rel}","templated":true}]}}