{"id":46454,"date":"2023-10-15T16:29:31","date_gmt":"2023-10-15T22:29:31","guid":{"rendered":"https:\/\/encuentroinformativo.com.mx\/?p=46454"},"modified":"2023-10-15T16:29:37","modified_gmt":"2023-10-15T22:29:37","slug":"paso-de-frente-frio-deja-afectaciones-en-veracruz","status":"publish","type":"post","link":"https:\/\/encuentroinformativo.com.mx\/?p=46454","title":{"rendered":"Paso de frente fr\u00edo deja afectaciones en Veracruz"},"content":{"rendered":"\n<p><strong>Juan Arcos <\/strong><\/p>\n\n\n\n<p>Xalapa, Ver.- El frente fr\u00edo n\u00famero 6 ocasion\u00f3 inundaciones, derrumbes, deslaves y el cierre de la la navegaci\u00f3n mayor de los puertos de Alvarado, Tuxpan y Veracruz por parte de la Secretar\u00eda de Marina-Armada de M\u00e9xico (Semar) debido a la presencia de vientos fuertes.<\/p>\n\n\n\n<p>De manera precautoria, tambi\u00e9n fue cerrada la navegaci\u00f3n menor en Veracruz, Tuxpan, Coatzacoalcos, Alvarado, Tecolutla, Nautla, Tamiahua, Cazones, Tonal\u00e1, Balzapote y Tlacotalpan.<\/p>\n\n\n\n<p>La Secretar\u00eda de Protecci\u00f3n Civil (PC), a cargo de Guadalupe Osorno Maldonado, revel\u00f3 que a las 13:00 horas de este domingo, el r\u00edo Agua Dulce registr\u00f3 un nivel de 7.50 metros, es decir, 1.18 metros por arriba de su Nivel de Aguas M\u00e1ximas Ordinarias (NAMO), por lo que elementos de PC estatal se coordinan con fuerzas de tarea locales para realizar recorridos de corroboraci\u00f3n y atenci\u00f3n de afectaciones.<\/p>\n\n\n\n<p>Al momento hay ocho colonias con alguna afectaci\u00f3n en Agua Dulce por el desbordamiento del r\u00edo Aguadulcita: Cuatro Caminos, Solidaridad, Kil\u00f3metro Dos y Medio, Palmar, Puebla, Pajaral, Nanchital y Art\u00edculo.<\/p>\n\n\n\n<p>De manera preventiva se han activado dos refugios temporales, uno en el Centro Cultural de la colonia Benito Ju\u00e1rez y otro en la escuela primaria Miguel Hidalgo de la colonia Nueva del R\u00edo, sin que al momento hayan recibido personas.<\/p>\n\n\n\n<p>En Moloac\u00e1n, se reportan afectaciones por anegamiento en las colonias L\u00e1zaro C\u00e1rdenas, Benito Ju\u00e1rez y Centro, as\u00ed como en el puente de los pozos, en direcci\u00f3n a Bater\u00eda \u00c1gata.<\/p>\n\n\n\n<p>En Xalapa se registr\u00f3 un deslave en la colonia Plan de Ayala, que afect\u00f3 un taxi estacionado, situaci\u00f3n que fue atendida por elementos de la Secretar\u00eda de Seguridad P\u00fablica (SSP), junto con la Secretar\u00eda de la Defensa Nacional (Sedena), PC municipal y la Comisi\u00f3n Municipal de Agua y Saneamiento (CMAS).<\/p>\n\n\n\n<p>Mientras que en San Rafael se report\u00f3 un derrumbe en el tramo carretero Mart\u00ednez de la Torre-Poza Rica, a la altura de El Fais\u00e1n, que ya fue liberado por personal del municipio.<\/p>\n\n\n\n<p>Fuerzas de tarea de los tres \u00f3rdenes de gobierno mantienen la vigilancia y atenci\u00f3n a la poblaci\u00f3n, por lo que se recomienda atender a sus indicaciones y en caso de alguna emergencia, reportar al 911 para su atenci\u00f3n inmediata y oportuna.<\/p>\n\n\n\n<figure class=\"wp-block-image size-large\"><img loading=\"lazy\" decoding=\"async\" width=\"1024\" height=\"861\" src=\"https:\/\/encuentroinformativo.com.mx\/wp-content\/uploads\/2023\/10\/d019b3c7-401a-4990-aa31-77087e80b99b-1024x861.jpg\" alt=\"\" class=\"wp-image-46456\" srcset=\"https:\/\/encuentroinformativo.com.mx\/wp-content\/uploads\/2023\/10\/d019b3c7-401a-4990-aa31-77087e80b99b-1024x861.jpg 1024w, https:\/\/encuentroinformativo.com.mx\/wp-content\/uploads\/2023\/10\/d019b3c7-401a-4990-aa31-77087e80b99b-300x252.jpg 300w, https:\/\/encuentroinformativo.com.mx\/wp-content\/uploads\/2023\/10\/d019b3c7-401a-4990-aa31-77087e80b99b-768x646.jpg 768w, https:\/\/encuentroinformativo.com.mx\/wp-content\/uploads\/2023\/10\/d019b3c7-401a-4990-aa31-77087e80b99b.jpg 1132w\" sizes=\"auto, (max-width: 1024px) 100vw, 1024px\" \/><\/figure>\n","protected":false},"excerpt":{"rendered":"<p>Juan Arcos Xalapa, Ver.- El frente fr\u00edo n\u00famero 6 ocasion\u00f3 inundaciones, derrumbes, deslaves y el cierre de la la navegaci\u00f3n mayor de los puertos de Alvarado, Tuxpan y Veracruz por parte de la Secretar\u00eda de Marina-Armada de M\u00e9xico (Semar) debido a la presencia de vientos fuertes. De manera precautoria, tambi\u00e9n fue cerrada la navegaci\u00f3n menor [&hellip;]<\/p>\n","protected":false},"author":2476,"featured_media":46455,"comment_status":"open","ping_status":"open","sticky":false,"template":"","format":"standard","meta":{"_jetpack_memberships_contains_paid_content":false,"footnotes":""},"categories":[2],"tags":[],"class_list":["post-46454","post","type-post","status-publish","format-standard","has-post-thumbnail","hentry","category-estado"],"jetpack_featured_media_url":"https:\/\/encuentroinformativo.com.mx\/wp-content\/uploads\/2023\/10\/d9cc2c6f-fff4-4c93-9ec8-b5814b46d5a2.jpg","jetpack_sharing_enabled":true,"jetpack_likes_enabled":true,"amp_enabled":true,"_links":{"self":[{"href":"https:\/\/encuentroinformativo.com.mx\/index.php?rest_route=\/wp\/v2\/posts\/46454","targetHints":{"allow":["GET"]}}],"collection":[{"href":"https:\/\/encuentroinformativo.com.mx\/index.php?rest_route=\/wp\/v2\/posts"}],"about":[{"href":"https:\/\/encuentroinformativo.com.mx\/index.php?rest_route=\/wp\/v2\/types\/post"}],"author":[{"embeddable":true,"href":"https:\/\/encuentroinformativo.com.mx\/index.php?rest_route=\/wp\/v2\/users\/2476"}],"replies":[{"embeddable":true,"href":"https:\/\/encuentroinformativo.com.mx\/index.php?rest_route=%2Fwp%2Fv2%2Fcomments&post=46454"}],"version-history":[{"count":1,"href":"https:\/\/encuentroinformativo.com.mx\/index.php?rest_route=\/wp\/v2\/posts\/46454\/revisions"}],"predecessor-version":[{"id":46457,"href":"https:\/\/encuentroinformativo.com.mx\/index.php?rest_route=\/wp\/v2\/posts\/46454\/revisions\/46457"}],"wp:featuredmedia":[{"embeddable":true,"href":"https:\/\/encuentroinformativo.com.mx\/index.php?rest_route=\/wp\/v2\/media\/46455"}],"wp:attachment":[{"href":"https:\/\/encuentroinformativo.com.mx\/index.php?rest_route=%2Fwp%2Fv2%2Fmedia&parent=46454"}],"wp:term":[{"taxonomy":"category","embeddable":true,"href":"https:\/\/encuentroinformativo.com.mx\/index.php?rest_route=%2Fwp%2Fv2%2Fcategories&post=46454"},{"taxonomy":"post_tag","embeddable":true,"href":"https:\/\/encuentroinformativo.com.mx\/index.php?rest_route=%2Fwp%2Fv2%2Ftags&post=46454"}],"curies":[{"name":"wp","href":"https:\/\/api.w.org\/{rel}","templated":true}]}}