{"id":4646,"date":"2020-08-05T12:12:03","date_gmt":"2020-08-05T17:12:03","guid":{"rendered":"https:\/\/encuentroinformativo.com\/?p=4646"},"modified":"2020-08-05T12:12:05","modified_gmt":"2020-08-05T17:12:05","slug":"los-8-en-el-cen-del-pan","status":"publish","type":"post","link":"https:\/\/encuentroinformativo.com.mx\/?p=4646","title":{"rendered":"Los 8, en el CEN del PAN"},"content":{"rendered":"\n<p><br><strong>Los Pol\u00edticos<\/strong><\/p>\n\n\n\n<p><strong>Salvador Mu\u00f1oz<\/strong><br><\/p>\n\n\n\n<p>A lo mejor no se han dimensionado las palabras del presidente del Comit\u00e9 Directivo Estatal del PAN, Joaqu\u00edn Guzm\u00e1n Avil\u00e9s, con respecto al proceder de los ocho diputados de la bancada azul cuando votaron a favor de los Magistrados del Gobernador Cuitl\u00e1huac Garc\u00eda Jim\u00e9nez. Perm\u00edtame el lector repetirlas ac\u00e1:<\/p>\n\n\n\n<p>\u201cEs un tema que se fue al Comit\u00e9 Ejecutivo Nacional y se ver\u00e1 a trav\u00e9s de la Comisi\u00f3n de Orden y estaremos al pendiente que sean sancionados en lo que corresponde (&#8230;)&nbsp; es un acto que hicieron en lo personal y el Comit\u00e9 determinar\u00e1 la sanci\u00f3n correspondiente; por el momento, ya se envi\u00f3 la documentaci\u00f3n\u201d.<\/p>\n\n\n\n<p>Partamos sus palabras en tres segmentos y empecemos por el final: \u201cya se envi\u00f3 la documentaci\u00f3n\u201d.<\/p>\n\n\n\n<p>A ciencia cierta, uno desconoce qu\u00e9 documentos se haya enviado al CEN del PAN y Comisi\u00f3n correspondiente, pero no se necesita ser un genio para imaginar que debe ir en ello tanto la reciente actuaci\u00f3n en la sesi\u00f3n pasada, como es seguro que debi\u00f3 enviarse el antecedente que rompe parte del primer segmento que se aborda en este momento: \u201ces un acto que lo hicieron en lo personal\u201d. Es decir, si me apura, ese voto que se dio a favor de los magistrados de Cuitl\u00e1huac es de esa \u201cbancada alterna\u201d que en un momento de la historia legislativa, vino a partirle la bancada al PAN, luego entonces, no parece un hecho \u201cpersonal\u201d de cada quien, de cada uno de los ocho diputados, sino un acto premeditado y si uno se descuida, \u201cpersonal\u201d en la acepci\u00f3n de \u201ccontra alguien\u201d, que en este caso puede ser contra el jefe de Bancada, dirigente del partido, contra el partido mismo, o en el peor de los escenarios, contra la sociedad veracruzana al conceder con su voto, m\u00e1s poder al Poder\u2026<\/p>\n\n\n\n<p>El sentido del voto de los ocho diputados del PAN puede tener dos variantes:<\/p>\n\n\n\n<p>La primera, apostando a la inocencia de quien escribe, suponiendo un berrinche contra el dirigente del PAN, el Chapito Guzm\u00e1n o contra el jefe de bancada, Omar Miranda\u2026<\/p>\n\n\n\n<p>La segunda, el juego de intereses que se puede manejar para ganar un voto, donde no todo se puede arreglar con \u201cca\u00f1onazos\u201d, pero s\u00ed con pactos a futuro.<\/p>\n\n\n\n<p>Ahora, si los ocho diputados del PAN que votaron a favor de los Magistrados del Gobernador tienen pruebas de algo turbio desde la dirigencia del PAN estatal, es seguro que las han de presentar\u2026<\/p>\n\n\n\n<p>Otro dato m\u00e1s: De los ocho diputados que apoyaron las propuestas, la mayor\u00eda podr\u00eda tener aspiraciones a buscar la candidatura por la presidencia municipal de su terru\u00f1o, como es Sergio Hern\u00e1ndez Hern\u00e1ndez (Xalapa), Juan Manuel de Unanue (Boca del R\u00edo), Montserrat Ortega (Tuxpan) y Marijos\u00e9 Gamboa (Puerto); adem\u00e1s de Ricardo Serna (\u00c1lamo), Marigraz Hern\u00e1ndez (Misantla) y para no hacer de lado a nadie, Judith Pineda (Tantoyuca, pero queda claro que se agarr\u00f3 con Sans\u00f3n a las patadas). En el caso de Chuy Mart\u00ednez hay quienes apuestan a que buscar\u00eda ser candidata por el distrito de Mart\u00ednez de la Torre\u2026 pero qui\u00e9n sabe\u2026<\/p>\n\n\n\n<p>Es aqu\u00ed donde entra el tercer segmento que no es seguro que se d\u00e9, pero est\u00e1 dentro de las posibilidades ante un grupo panista \u201creincidente\u201d que choca con su l\u00edder de bancada, con su dirigente estatal y contra el mismo partido: \u201cestaremos al pendiente que sean sancionados en lo que corresponde\u201d.<\/p>\n\n\n\n<p>No s\u00e9 qu\u00e9 sanciones haya al interior del PAN por las \u201cfaltas\u201d cometidas por estos ocho diputados, pero \u00bfqu\u00e9 tal si hay algo as\u00ed como \u201cInhabilitaci\u00f3n de candidatura\u201d? Insisto, no s\u00e9 si exista eso o lo haya en el PAN, pero d\u00edganme, \u00bfqu\u00e9 sanci\u00f3n si no es la expulsi\u00f3n o inhabilitarlos de sus derechos partidistas, puede aplicarse en caso de que se resolviera que contravinieron los estatutos, principios e intereses del partido estos ocho diputados?<\/p>\n\n\n\n<p>Ahora, tambi\u00e9n creo que el partido debe sopesar qu\u00e9 tanto ayuda esta situaci\u00f3n que atraviesa el Grupo Legislativo y la dirigencia del PAN, sumado a tener en el CEN del blanquiazul un asunto que resolver con estos ocho diputados\u2026 \u00a1Exacto! En nada\u2026 algo se tiene que hacer y ya, porque la Oposici\u00f3n principal del partido en el Poder no puede iniciar un proceso de elecciones siendo Oposici\u00f3n de ella misma.<br><\/p>\n\n\n\n<p><a href=\"mailto:smcainito@gmail.com\" target=\"_blank\" rel=\"noreferrer noopener\">smcainito@gmail.com<\/a><\/p>\n","protected":false},"excerpt":{"rendered":"<p>Los Pol\u00edticos Salvador Mu\u00f1oz A lo mejor no se han dimensionado las palabras del presidente del Comit\u00e9 Directivo Estatal del PAN, Joaqu\u00edn Guzm\u00e1n Avil\u00e9s, con respecto al proceder de los ocho diputados de la bancada azul cuando votaron a favor de los Magistrados del Gobernador Cuitl\u00e1huac Garc\u00eda Jim\u00e9nez. Perm\u00edtame el lector repetirlas ac\u00e1: \u201cEs un [&hellip;]<\/p>\n","protected":false},"author":1,"featured_media":387,"comment_status":"open","ping_status":"open","sticky":false,"template":"","format":"standard","meta":{"_jetpack_memberships_contains_paid_content":false,"footnotes":""},"categories":[11],"tags":[],"class_list":["post-4646","post","type-post","status-publish","format-standard","has-post-thumbnail","hentry","category-opinion"],"jetpack_featured_media_url":"https:\/\/encuentroinformativo.com.mx\/wp-content\/uploads\/2020\/03\/7CF8A22B-2764-47BE-8F7F-38FE9E5D6A2F.jpeg","jetpack_sharing_enabled":true,"jetpack_likes_enabled":true,"amp_enabled":true,"_links":{"self":[{"href":"https:\/\/encuentroinformativo.com.mx\/index.php?rest_route=\/wp\/v2\/posts\/4646","targetHints":{"allow":["GET"]}}],"collection":[{"href":"https:\/\/encuentroinformativo.com.mx\/index.php?rest_route=\/wp\/v2\/posts"}],"about":[{"href":"https:\/\/encuentroinformativo.com.mx\/index.php?rest_route=\/wp\/v2\/types\/post"}],"author":[{"embeddable":true,"href":"https:\/\/encuentroinformativo.com.mx\/index.php?rest_route=\/wp\/v2\/users\/1"}],"replies":[{"embeddable":true,"href":"https:\/\/encuentroinformativo.com.mx\/index.php?rest_route=%2Fwp%2Fv2%2Fcomments&post=4646"}],"version-history":[{"count":1,"href":"https:\/\/encuentroinformativo.com.mx\/index.php?rest_route=\/wp\/v2\/posts\/4646\/revisions"}],"predecessor-version":[{"id":4647,"href":"https:\/\/encuentroinformativo.com.mx\/index.php?rest_route=\/wp\/v2\/posts\/4646\/revisions\/4647"}],"wp:featuredmedia":[{"embeddable":true,"href":"https:\/\/encuentroinformativo.com.mx\/index.php?rest_route=\/wp\/v2\/media\/387"}],"wp:attachment":[{"href":"https:\/\/encuentroinformativo.com.mx\/index.php?rest_route=%2Fwp%2Fv2%2Fmedia&parent=4646"}],"wp:term":[{"taxonomy":"category","embeddable":true,"href":"https:\/\/encuentroinformativo.com.mx\/index.php?rest_route=%2Fwp%2Fv2%2Fcategories&post=4646"},{"taxonomy":"post_tag","embeddable":true,"href":"https:\/\/encuentroinformativo.com.mx\/index.php?rest_route=%2Fwp%2Fv2%2Ftags&post=4646"}],"curies":[{"name":"wp","href":"https:\/\/api.w.org\/{rel}","templated":true}]}}