{"id":46461,"date":"2023-10-15T16:44:33","date_gmt":"2023-10-15T22:44:33","guid":{"rendered":"https:\/\/encuentroinformativo.com.mx\/?p=46461"},"modified":"2023-10-15T16:44:38","modified_gmt":"2023-10-15T22:44:38","slug":"familia-veracruzana-que-vivia-en-israel-confia-en-llegar-a-mexico","status":"publish","type":"post","link":"https:\/\/encuentroinformativo.com.mx\/?p=46461","title":{"rendered":"Familia veracruzana que viv\u00eda en Israel, conf\u00eda en llegar a M\u00e9xico"},"content":{"rendered":"\n<p><strong>Juan Arcos <\/strong><\/p>\n\n\n\n<p>Xalapa, Ver.- Una familia veracruzana que viv\u00eda en Israel llagar\u00e1 a M\u00e9xico en los siguientes d\u00edas, tras pedir su extradici\u00f3n por los ataques de Ham\u00e1s en el Medio Oriente.<\/p>\n\n\n\n<p>Se trata de Diana Luc\u00eda Guerrero Juncal, su esposo y sus dos hijos, quienes abordar\u00edan su avi\u00f3n este domingo 15 de octubre, junto con otras personas que tambi\u00e9n huyen de la zona de conflicto.<\/p>\n\n\n\n<p>La joven madre detall\u00f3 a trav\u00e9s de sus redes sociales que ella y su familia se trasladaron al aeropuerto y est\u00e1n a la espera del vuelo correspondiente.<\/p>\n\n\n\n<p>\u201cYa en el aeropuerto, esperando abodar y llegar a M\u00e9xico lindo y querido. Ya llegamos, todo tranquilo por ac\u00e1 (aeropuerto) muchos mexicanos esperamos abordar desde Israel a M\u00e9xico\u201d, poste\u00f3.<\/p>\n\n\n\n<p>La mujer ha difundido videos como frecuencia para informar a sus seres queridos que se encuentran bien.<\/p>\n\n\n\n<p>\u201cEstoy haciendo este video para avisarles que nos acaban de decir que los vuelos van a comenzar a operar el domingo en la madrugada para llevarnos a todos a un lugar de destino, ya sea Madrid o M\u00e9xico dependiendo de la vulnerabilidad de cada persona. Yo quiero tenerlos al tanto de la situaci\u00f3n para que sepan de los medios y m\u00e1s que nada mi familia y mis amigos porque son muchos, tengo demasiados mensajes y si estoy bien cansada, estoy tratando de documentar para mandarles el mensaje en general&#8221;, detall\u00f3.<\/p>\n\n\n\n<p>La familia es originaria del municipio de \u00c1lamo Temapache, ubicado en la zona norte de Veracruz, misma que se encontrar\u00eda con sus seres queridos luego de estar en riesgo en el medio oriente ante los ataques de Ham\u00e1s.<br>Cabe recordar que los sacerdotes y feligreses de la Di\u00f3cesis de Coatzacoalcos, as\u00ed como la gimnasta Kimberly Salazar, tambi\u00e9n lograron salir de la zona de guerra.<\/p>\n\n\n\n<p>El gobierno les ayuda en el traslado a\u00e9reo a sus lugares de origen, as\u00ed como en el tr\u00e1mite de su documentaci\u00f3n. En el caso de la familia Guerrero, sali\u00f3 de urgencia dejando todo, por lo que a trav\u00e9s de la Canciller\u00eda les apoyaron para ser extraditados sin tener su pasaporte.<\/p>\n","protected":false},"excerpt":{"rendered":"<p>Juan Arcos Xalapa, Ver.- Una familia veracruzana que viv\u00eda en Israel llagar\u00e1 a M\u00e9xico en los siguientes d\u00edas, tras pedir su extradici\u00f3n por los ataques de Ham\u00e1s en el Medio Oriente. Se trata de Diana Luc\u00eda Guerrero Juncal, su esposo y sus dos hijos, quienes abordar\u00edan su avi\u00f3n este domingo 15 de octubre, junto con [&hellip;]<\/p>\n","protected":false},"author":2476,"featured_media":46462,"comment_status":"open","ping_status":"open","sticky":false,"template":"","format":"standard","meta":{"_jetpack_memberships_contains_paid_content":false,"footnotes":""},"categories":[2,13],"tags":[],"class_list":["post-46461","post","type-post","status-publish","format-standard","has-post-thumbnail","hentry","category-estado","category-internacional"],"jetpack_featured_media_url":"https:\/\/encuentroinformativo.com.mx\/wp-content\/uploads\/2023\/10\/IMG_7947.jpg","jetpack_sharing_enabled":true,"jetpack_likes_enabled":true,"amp_enabled":true,"_links":{"self":[{"href":"https:\/\/encuentroinformativo.com.mx\/index.php?rest_route=\/wp\/v2\/posts\/46461","targetHints":{"allow":["GET"]}}],"collection":[{"href":"https:\/\/encuentroinformativo.com.mx\/index.php?rest_route=\/wp\/v2\/posts"}],"about":[{"href":"https:\/\/encuentroinformativo.com.mx\/index.php?rest_route=\/wp\/v2\/types\/post"}],"author":[{"embeddable":true,"href":"https:\/\/encuentroinformativo.com.mx\/index.php?rest_route=\/wp\/v2\/users\/2476"}],"replies":[{"embeddable":true,"href":"https:\/\/encuentroinformativo.com.mx\/index.php?rest_route=%2Fwp%2Fv2%2Fcomments&post=46461"}],"version-history":[{"count":1,"href":"https:\/\/encuentroinformativo.com.mx\/index.php?rest_route=\/wp\/v2\/posts\/46461\/revisions"}],"predecessor-version":[{"id":46463,"href":"https:\/\/encuentroinformativo.com.mx\/index.php?rest_route=\/wp\/v2\/posts\/46461\/revisions\/46463"}],"wp:featuredmedia":[{"embeddable":true,"href":"https:\/\/encuentroinformativo.com.mx\/index.php?rest_route=\/wp\/v2\/media\/46462"}],"wp:attachment":[{"href":"https:\/\/encuentroinformativo.com.mx\/index.php?rest_route=%2Fwp%2Fv2%2Fmedia&parent=46461"}],"wp:term":[{"taxonomy":"category","embeddable":true,"href":"https:\/\/encuentroinformativo.com.mx\/index.php?rest_route=%2Fwp%2Fv2%2Fcategories&post=46461"},{"taxonomy":"post_tag","embeddable":true,"href":"https:\/\/encuentroinformativo.com.mx\/index.php?rest_route=%2Fwp%2Fv2%2Ftags&post=46461"}],"curies":[{"name":"wp","href":"https:\/\/api.w.org\/{rel}","templated":true}]}}