{"id":46472,"date":"2023-10-16T10:57:11","date_gmt":"2023-10-16T16:57:11","guid":{"rendered":"https:\/\/encuentroinformativo.com.mx\/?p=46472"},"modified":"2023-10-16T10:57:15","modified_gmt":"2023-10-16T16:57:15","slug":"confirma-anilu-ingram-buscara-la-gubernatura-de-veracruz","status":"publish","type":"post","link":"https:\/\/encuentroinformativo.com.mx\/?p=46472","title":{"rendered":"Confirma Anil\u00fa Ingram buscar\u00e1 la gubernatura de Veracruz"},"content":{"rendered":"\n<p><strong>Alejandro \u00c1vila<\/strong><\/p>\n\n\n\n<p>Veracruz, Ver.- La diputada priista, Anil\u00fa Ingram Vallines, confirm\u00f3 que se registrar\u00e1 como aspirante del Frente Amplio por Veracruz a la gubernatura.<\/p>\n\n\n\n<p>La legisladora veracruzana se\u00f1al\u00f3 que, lo importante del Frente Amplio es que est\u00e9n incluidos todas y todos, veracruzanos del campo, empresarios, jovenes y todo aquel que quiera dar un giro lo que actualmente se vive en la entidad.<\/p>\n\n\n\n<p>&#8220;Veracruzanas y veracruzanos con quienes yo he tenido la oportunidad de platicar en mi recorrido en los 212 municipios, no de hoy, lo he hecho a lo largo de muchos a\u00f1os, y que me ha manifestado sus inquietudes, sus preocupaciones en torno a la realidad que hoy estamos enfrentando en Veracruz, y que est\u00e1n justamente dispuestos en participar en este gran bloque que tenemos que conformar, que se tiene que construir si queremos recuperar Veracruz, si queremos recuperar la paz que nos han arrebatado, si queremos recuperar el rumbo de este estado. En ese orden de ideas, yo estar\u00e9 participando sin duda en ese gran Frente, y ya que se establezca la normatividad, por supuesto que nos estaremos registrando rumbo a nuestra aspiraci\u00f3n a la gubernatura de Veracruz&#8221;, enfatiz\u00f3.<\/p>\n\n\n\n<p>Invitada especial en el desayuno de Grupo Reto dentro del marco del Mes Rosa, Anil\u00fa Ingram aclar\u00f3 que, por el momento continuar\u00e1 recorriendo el estado de Veracruz recogiendo las inquietudes de los ciudadanos y sumando agrupaciones que tengan como objetivo rescatar a la entidad de este bache en el que se encuentra.<\/p>\n\n\n\n<p>&#8220;Lo importante es abonar, construir, sumar a\u00fan mejor Veracruz, y ese tiene que ser nuestro verdadero inter\u00e9s, el inter\u00e9s superior que se llama Veracruz, que se llama M\u00e9xico, la realidad que estamos enfrentando, insisto, no es un proyecto personal, es un proyecto donde entramos todos, donde todos tenemos que ser parte&#8221;, asest\u00f3.<\/p>\n","protected":false},"excerpt":{"rendered":"<p>Alejandro \u00c1vila Veracruz, Ver.- La diputada priista, Anil\u00fa Ingram Vallines, confirm\u00f3 que se registrar\u00e1 como aspirante del Frente Amplio por Veracruz a la gubernatura. La legisladora veracruzana se\u00f1al\u00f3 que, lo importante del Frente Amplio es que est\u00e9n incluidos todas y todos, veracruzanos del campo, empresarios, jovenes y todo aquel que quiera dar un giro lo [&hellip;]<\/p>\n","protected":false},"author":2476,"featured_media":46473,"comment_status":"open","ping_status":"open","sticky":false,"template":"","format":"standard","meta":{"_jetpack_memberships_contains_paid_content":false,"footnotes":""},"categories":[2],"tags":[],"class_list":["post-46472","post","type-post","status-publish","format-standard","has-post-thumbnail","hentry","category-estado"],"jetpack_featured_media_url":"https:\/\/encuentroinformativo.com.mx\/wp-content\/uploads\/2023\/10\/IMG-20231016-WA00092.jpg","jetpack_sharing_enabled":true,"jetpack_likes_enabled":true,"amp_enabled":true,"_links":{"self":[{"href":"https:\/\/encuentroinformativo.com.mx\/index.php?rest_route=\/wp\/v2\/posts\/46472","targetHints":{"allow":["GET"]}}],"collection":[{"href":"https:\/\/encuentroinformativo.com.mx\/index.php?rest_route=\/wp\/v2\/posts"}],"about":[{"href":"https:\/\/encuentroinformativo.com.mx\/index.php?rest_route=\/wp\/v2\/types\/post"}],"author":[{"embeddable":true,"href":"https:\/\/encuentroinformativo.com.mx\/index.php?rest_route=\/wp\/v2\/users\/2476"}],"replies":[{"embeddable":true,"href":"https:\/\/encuentroinformativo.com.mx\/index.php?rest_route=%2Fwp%2Fv2%2Fcomments&post=46472"}],"version-history":[{"count":1,"href":"https:\/\/encuentroinformativo.com.mx\/index.php?rest_route=\/wp\/v2\/posts\/46472\/revisions"}],"predecessor-version":[{"id":46474,"href":"https:\/\/encuentroinformativo.com.mx\/index.php?rest_route=\/wp\/v2\/posts\/46472\/revisions\/46474"}],"wp:featuredmedia":[{"embeddable":true,"href":"https:\/\/encuentroinformativo.com.mx\/index.php?rest_route=\/wp\/v2\/media\/46473"}],"wp:attachment":[{"href":"https:\/\/encuentroinformativo.com.mx\/index.php?rest_route=%2Fwp%2Fv2%2Fmedia&parent=46472"}],"wp:term":[{"taxonomy":"category","embeddable":true,"href":"https:\/\/encuentroinformativo.com.mx\/index.php?rest_route=%2Fwp%2Fv2%2Fcategories&post=46472"},{"taxonomy":"post_tag","embeddable":true,"href":"https:\/\/encuentroinformativo.com.mx\/index.php?rest_route=%2Fwp%2Fv2%2Ftags&post=46472"}],"curies":[{"name":"wp","href":"https:\/\/api.w.org\/{rel}","templated":true}]}}