{"id":46478,"date":"2023-10-16T12:33:22","date_gmt":"2023-10-16T18:33:22","guid":{"rendered":"https:\/\/encuentroinformativo.com.mx\/?p=46478"},"modified":"2023-10-16T12:33:26","modified_gmt":"2023-10-16T18:33:26","slug":"protestan-padres-en-telesecundaria-de-el-tronconal-acusan-maltrato-de-docentes","status":"publish","type":"post","link":"https:\/\/encuentroinformativo.com.mx\/?p=46478","title":{"rendered":"Protestan padres en Telesecundaria de El Tronconal, acusan maltrato de docentes"},"content":{"rendered":"\n<p><strong>Juan Arcos<\/strong><\/p>\n\n\n\n<p>Xalapa, Ver.- Padres de familia tomaron la escuela telesecundaria \u201cMargarita Mor\u00e1n Veliz\u201d en la Reserva Territorial El Tronconal, en la ciudad de Xalapa, por el presunto maltrato que han ejercido docentes contra los estudiantes.<\/p>\n\n\n\n<p>Las personas se\u00f1alaron a los profesores Mariana Landa Ortega y Jose \u00c1ngel Hern\u00e1ndez Grajales, quienes han sido reportados con la Supervisi\u00f3n Escolar y existen varias quejas y actas administrativas en su contra.<\/p>\n\n\n\n<p>Sin embargo, enfatizaron que hasta el momento no ha habido una sanci\u00f3n contra los catedr\u00e1ticos que han sido acusados de maltratar a los alumnos.<\/p>\n\n\n\n<p>De acuerdo con la madre de familia Rosario Hern\u00e1ndez Jer\u00f3nimo, la docente Mariana Landa ha incurrido en m\u00faltiples actos de maltrato hacia los estudiantes y uno de ellos fue su hijo.<\/p>\n\n\n\n<p>\u201cUn caso particular fue de el mi hijo, quien presenta un trastorno de d\u00e9ficit de atenci\u00f3n e hiperactividad y la maestra le azot\u00f3 la libreta en su banca y lo insult\u00f3, a tal grado de que mi hijo ya no quer\u00eda regresar a la escuela y actualmente le tiene mucho miedo&#8221;, expres\u00f3.<\/p>\n\n\n\n<p>La se\u00f1ora record\u00f3 que la directora del plantel, Guadalupe Camacho, opt\u00f3 por cambiar a su hijo de grupo para evitar nuevos actos de maltrato y aunque tambi\u00e9n levant\u00f3 un acta de hechos y se env\u00edo a la Supervisi\u00f3n Escolar, no ha sido sancionada.<\/p>\n\n\n\n<p>Enfatiz\u00f3 que tambi\u00e9n persisten los malos tratos hacia los padres de familia por parte del maestro Jos\u00e9 \u00c1ngel, quien en ocasiones ha insultado a los tutores.<\/p>\n\n\n\n<p>\u201cEl d\u00eda hoy tomamos las instalaciones de la Telesecundaria porque no estamos de acuerdo que estos dos que se dicen maestros sigan haciendo de las suyas, porque ya metimos quejas antes la direcci\u00f3n y la supervisi\u00f3n y no se hace nada, por eso, no vamos a dejar que nadie entre al plantel, hasta que no se cambien a estos dos maestros, ya no los queremos en la escuela&#8221;, increparon las mam\u00e1s y pap\u00e1s que se sumaron a la protesta.<\/p>\n","protected":false},"excerpt":{"rendered":"<p>Juan Arcos Xalapa, Ver.- Padres de familia tomaron la escuela telesecundaria \u201cMargarita Mor\u00e1n Veliz\u201d en la Reserva Territorial El Tronconal, en la ciudad de Xalapa, por el presunto maltrato que han ejercido docentes contra los estudiantes. Las personas se\u00f1alaron a los profesores Mariana Landa Ortega y Jose \u00c1ngel Hern\u00e1ndez Grajales, quienes han sido reportados con [&hellip;]<\/p>\n","protected":false},"author":2476,"featured_media":46479,"comment_status":"open","ping_status":"open","sticky":false,"template":"","format":"standard","meta":{"_jetpack_memberships_contains_paid_content":false,"footnotes":""},"categories":[8],"tags":[],"class_list":["post-46478","post","type-post","status-publish","format-standard","has-post-thumbnail","hentry","category-region"],"jetpack_featured_media_url":"https:\/\/encuentroinformativo.com.mx\/wp-content\/uploads\/2023\/10\/a77cf24a-4ffc-43e2-8e7b-9b9e337af2c9.jpg","jetpack_sharing_enabled":true,"jetpack_likes_enabled":true,"amp_enabled":true,"_links":{"self":[{"href":"https:\/\/encuentroinformativo.com.mx\/index.php?rest_route=\/wp\/v2\/posts\/46478","targetHints":{"allow":["GET"]}}],"collection":[{"href":"https:\/\/encuentroinformativo.com.mx\/index.php?rest_route=\/wp\/v2\/posts"}],"about":[{"href":"https:\/\/encuentroinformativo.com.mx\/index.php?rest_route=\/wp\/v2\/types\/post"}],"author":[{"embeddable":true,"href":"https:\/\/encuentroinformativo.com.mx\/index.php?rest_route=\/wp\/v2\/users\/2476"}],"replies":[{"embeddable":true,"href":"https:\/\/encuentroinformativo.com.mx\/index.php?rest_route=%2Fwp%2Fv2%2Fcomments&post=46478"}],"version-history":[{"count":1,"href":"https:\/\/encuentroinformativo.com.mx\/index.php?rest_route=\/wp\/v2\/posts\/46478\/revisions"}],"predecessor-version":[{"id":46480,"href":"https:\/\/encuentroinformativo.com.mx\/index.php?rest_route=\/wp\/v2\/posts\/46478\/revisions\/46480"}],"wp:featuredmedia":[{"embeddable":true,"href":"https:\/\/encuentroinformativo.com.mx\/index.php?rest_route=\/wp\/v2\/media\/46479"}],"wp:attachment":[{"href":"https:\/\/encuentroinformativo.com.mx\/index.php?rest_route=%2Fwp%2Fv2%2Fmedia&parent=46478"}],"wp:term":[{"taxonomy":"category","embeddable":true,"href":"https:\/\/encuentroinformativo.com.mx\/index.php?rest_route=%2Fwp%2Fv2%2Fcategories&post=46478"},{"taxonomy":"post_tag","embeddable":true,"href":"https:\/\/encuentroinformativo.com.mx\/index.php?rest_route=%2Fwp%2Fv2%2Ftags&post=46478"}],"curies":[{"name":"wp","href":"https:\/\/api.w.org\/{rel}","templated":true}]}}