{"id":4648,"date":"2020-08-05T14:06:59","date_gmt":"2020-08-05T19:06:59","guid":{"rendered":"https:\/\/encuentroinformativo.com\/?p=4648"},"modified":"2020-08-05T14:07:01","modified_gmt":"2020-08-05T19:07:01","slug":"buscan-familiares-a-joven-xalapeno","status":"publish","type":"post","link":"https:\/\/encuentroinformativo.com.mx\/?p=4648","title":{"rendered":"Buscan familiares a joven xalape\u00f1o"},"content":{"rendered":"\n<p><strong>Juan Arcos <\/strong><\/p>\n\n\n\n<p>Xalapa, Ver.- Gerardo Sa\u00fal Espinoza sali\u00f3 de su domicilio en la colonia Casa Blanca de esta ciudad y, desde entonces, no se supo m\u00e1s de \u00e9l.<\/p>\n\n\n\n<p>Sus familiares lo reportan como desaparecido, pues se desconoce su paradero desde las 18:00 horas del martes 4 de agosto.<\/p>\n\n\n\n<p>El joven sali\u00f3 de su casa, ubicada sobre la calle Pamir de dicha colonia, misma que es considerada una zona insegura en la capital del estado.<\/p>\n\n\n\n<p>Sus familiares publicaron en redes sociales una fotograf\u00eda de Gerardo, para solicitar a la gente que proporcione informaci\u00f3n sobre su paradero.<\/p>\n\n\n\n<p>\u201cSali\u00f3 sin llevar sus pertenec\u00edas como su celular, cartera. Vest\u00eda pantal\u00f3n de mezclilla azul, tenis blancos, gorra y una sudadera negra con franjas (rojo, amarillo, verde)\u201d, se lee.<\/p>\n\n\n\n<p>Entre sus se\u00f1as particulares, Gerardo tiene una perforaci\u00f3n en la barbilla y otras dos, una en cada oreja.<\/p>\n\n\n\n<p>Los familiares analizan la posibilidad de presentar una denuncia ante la Fiscal\u00eda General del Estado (FGE), en caso de que el joven siga sin aparecer.<\/p>\n\n\n\n<p>Cualquier informaci\u00f3n sobre su paradero se pide contactar a su hermana Alma Espinoza en <em>Facebook<\/em>.<\/p>\n\n\n\n<p><\/p>\n","protected":false},"excerpt":{"rendered":"<p>Juan Arcos Xalapa, Ver.- Gerardo Sa\u00fal Espinoza sali\u00f3 de su domicilio en la colonia Casa Blanca de esta ciudad y, desde entonces, no se supo m\u00e1s de \u00e9l. Sus familiares lo reportan como desaparecido, pues se desconoce su paradero desde las 18:00 horas del martes 4 de agosto. El joven sali\u00f3 de su casa, ubicada [&hellip;]<\/p>\n","protected":false},"author":1,"featured_media":4649,"comment_status":"open","ping_status":"open","sticky":false,"template":"","format":"standard","meta":{"_jetpack_memberships_contains_paid_content":false,"footnotes":""},"categories":[3],"tags":[],"class_list":["post-4648","post","type-post","status-publish","format-standard","has-post-thumbnail","hentry","category-xalapa"],"jetpack_featured_media_url":"https:\/\/encuentroinformativo.com.mx\/wp-content\/uploads\/2020\/08\/7A1695B9-27D7-44BA-A477-BB3B5286CA8C.jpeg","jetpack_sharing_enabled":true,"jetpack_likes_enabled":true,"amp_enabled":true,"_links":{"self":[{"href":"https:\/\/encuentroinformativo.com.mx\/index.php?rest_route=\/wp\/v2\/posts\/4648","targetHints":{"allow":["GET"]}}],"collection":[{"href":"https:\/\/encuentroinformativo.com.mx\/index.php?rest_route=\/wp\/v2\/posts"}],"about":[{"href":"https:\/\/encuentroinformativo.com.mx\/index.php?rest_route=\/wp\/v2\/types\/post"}],"author":[{"embeddable":true,"href":"https:\/\/encuentroinformativo.com.mx\/index.php?rest_route=\/wp\/v2\/users\/1"}],"replies":[{"embeddable":true,"href":"https:\/\/encuentroinformativo.com.mx\/index.php?rest_route=%2Fwp%2Fv2%2Fcomments&post=4648"}],"version-history":[{"count":1,"href":"https:\/\/encuentroinformativo.com.mx\/index.php?rest_route=\/wp\/v2\/posts\/4648\/revisions"}],"predecessor-version":[{"id":4650,"href":"https:\/\/encuentroinformativo.com.mx\/index.php?rest_route=\/wp\/v2\/posts\/4648\/revisions\/4650"}],"wp:featuredmedia":[{"embeddable":true,"href":"https:\/\/encuentroinformativo.com.mx\/index.php?rest_route=\/wp\/v2\/media\/4649"}],"wp:attachment":[{"href":"https:\/\/encuentroinformativo.com.mx\/index.php?rest_route=%2Fwp%2Fv2%2Fmedia&parent=4648"}],"wp:term":[{"taxonomy":"category","embeddable":true,"href":"https:\/\/encuentroinformativo.com.mx\/index.php?rest_route=%2Fwp%2Fv2%2Fcategories&post=4648"},{"taxonomy":"post_tag","embeddable":true,"href":"https:\/\/encuentroinformativo.com.mx\/index.php?rest_route=%2Fwp%2Fv2%2Ftags&post=4648"}],"curies":[{"name":"wp","href":"https:\/\/api.w.org\/{rel}","templated":true}]}}