{"id":46507,"date":"2023-10-16T19:37:32","date_gmt":"2023-10-17T01:37:32","guid":{"rendered":"https:\/\/encuentroinformativo.com.mx\/?p=46507"},"modified":"2023-10-16T19:37:37","modified_gmt":"2023-10-17T01:37:37","slug":"capacita-ivai-a-personal-de-seguridad-ciudadana-y-transito-municipal-de-xalapa","status":"publish","type":"post","link":"https:\/\/encuentroinformativo.com.mx\/?p=46507","title":{"rendered":"Capacita IVAI a personal de Seguridad Ciudadana y Tr\u00e1nsito Municipal de Xalapa"},"content":{"rendered":"\n<p><strong>*David Agust\u00edn Jim\u00e9nez Rojas, Comisionado Presidente del \u00d3rgano Garante, se dijo satisfecho con este acercamiento.<\/strong><\/p>\n\n\n\n<p><strong>*Los oficiales resolvieron dudas sobre c\u00f3mo actuar en esta materia cuando atienden distintos llamados.<\/strong><\/p>\n\n\n\n<p>Xalapa, Ver.- El Comisionado Presidente del Instituto Veracruzano de Acceso a la Informaci\u00f3n y Protecci\u00f3n de Datos Personales (IVAI), David Agust\u00edn Jim\u00e9nez Rojas, estuvo presente en la capacitaci\u00f3n \u201cPrincipios, Deberes, Derechos y Obligaciones\u201d en materia de Datos Personales, misma que fue impartida por el Oficial de Protecci\u00f3n de Datos Personales, Alan Eduardo Celaya Flores.<\/p>\n\n\n\n<p>La capacitaci\u00f3n fue dirigida al funcionariado de la Direcci\u00f3n de Seguridad Ciudadana y Tr\u00e1nsito Municipal de Xalapa y fue bridada en sus instalaciones ubicadas en Xalapa 2000.<\/p>\n\n\n\n<p>En este sentido, el Comisionado Presidente del IVAI, David Agust\u00edn Jim\u00e9nez Rojas, agradeci\u00f3 al capit\u00e1n Miguel Valdez Ram\u00edrez, Director de Seguridad Ciudadana y Tr\u00e1nsito Municipal, por permitir llevar a cabo este tipo de capacitaciones que tienen como objetivo la Protecci\u00f3n de los Datos Personales de las y los veracruzanos, por lo que se dijo satisfecho por este acercamiento.<\/p>\n\n\n\n<p>Durante la charla los gendarmes estuvieron muy atentos y participativos, resolviendo sus dudas sobre como proteger los Datos Personales cuando acuden a los distintos llamados a los que son solicitados durante sus guardias.<\/p>\n\n\n\n<p>Estuvieron representantes de las direcciones de este Instituto: la Directora de Datos Personales, Yolanda Sagastume M\u00e1rquez; la Directora de Transparencia, Ileana Maga\u00f1a, as\u00ed como la Directora de Capacitaci\u00f3n y Vinculaci\u00f3n Ciudadana, Irma Hern\u00e1ndez Dom\u00ednguez.<\/p>\n\n\n\n<figure class=\"wp-block-image size-large\"><img loading=\"lazy\" decoding=\"async\" width=\"1024\" height=\"1024\" src=\"https:\/\/encuentroinformativo.com.mx\/wp-content\/uploads\/2023\/10\/IMG-20231016-WA0159-1024x1024.jpg\" alt=\"\" class=\"wp-image-46509\" srcset=\"https:\/\/encuentroinformativo.com.mx\/wp-content\/uploads\/2023\/10\/IMG-20231016-WA0159.jpg 1024w, https:\/\/encuentroinformativo.com.mx\/wp-content\/uploads\/2023\/10\/IMG-20231016-WA0159-300x300.jpg 300w, https:\/\/encuentroinformativo.com.mx\/wp-content\/uploads\/2023\/10\/IMG-20231016-WA0159-150x150.jpg 150w, https:\/\/encuentroinformativo.com.mx\/wp-content\/uploads\/2023\/10\/IMG-20231016-WA0159-768x768.jpg 768w\" sizes=\"auto, (max-width: 1024px) 100vw, 1024px\" \/><\/figure>\n","protected":false},"excerpt":{"rendered":"<p>*David Agust\u00edn Jim\u00e9nez Rojas, Comisionado Presidente del \u00d3rgano Garante, se dijo satisfecho con este acercamiento. *Los oficiales resolvieron dudas sobre c\u00f3mo actuar en esta materia cuando atienden distintos llamados. Xalapa, Ver.- El Comisionado Presidente del Instituto Veracruzano de Acceso a la Informaci\u00f3n y Protecci\u00f3n de Datos Personales (IVAI), David Agust\u00edn Jim\u00e9nez Rojas, estuvo presente en [&hellip;]<\/p>\n","protected":false},"author":2476,"featured_media":46508,"comment_status":"open","ping_status":"open","sticky":false,"template":"","format":"standard","meta":{"_jetpack_memberships_contains_paid_content":false,"footnotes":""},"categories":[2],"tags":[],"class_list":["post-46507","post","type-post","status-publish","format-standard","has-post-thumbnail","hentry","category-estado"],"jetpack_featured_media_url":"https:\/\/encuentroinformativo.com.mx\/wp-content\/uploads\/2023\/10\/IMG-20231016-WA0160.jpg","jetpack_sharing_enabled":true,"jetpack_likes_enabled":true,"amp_enabled":true,"_links":{"self":[{"href":"https:\/\/encuentroinformativo.com.mx\/index.php?rest_route=\/wp\/v2\/posts\/46507","targetHints":{"allow":["GET"]}}],"collection":[{"href":"https:\/\/encuentroinformativo.com.mx\/index.php?rest_route=\/wp\/v2\/posts"}],"about":[{"href":"https:\/\/encuentroinformativo.com.mx\/index.php?rest_route=\/wp\/v2\/types\/post"}],"author":[{"embeddable":true,"href":"https:\/\/encuentroinformativo.com.mx\/index.php?rest_route=\/wp\/v2\/users\/2476"}],"replies":[{"embeddable":true,"href":"https:\/\/encuentroinformativo.com.mx\/index.php?rest_route=%2Fwp%2Fv2%2Fcomments&post=46507"}],"version-history":[{"count":1,"href":"https:\/\/encuentroinformativo.com.mx\/index.php?rest_route=\/wp\/v2\/posts\/46507\/revisions"}],"predecessor-version":[{"id":46510,"href":"https:\/\/encuentroinformativo.com.mx\/index.php?rest_route=\/wp\/v2\/posts\/46507\/revisions\/46510"}],"wp:featuredmedia":[{"embeddable":true,"href":"https:\/\/encuentroinformativo.com.mx\/index.php?rest_route=\/wp\/v2\/media\/46508"}],"wp:attachment":[{"href":"https:\/\/encuentroinformativo.com.mx\/index.php?rest_route=%2Fwp%2Fv2%2Fmedia&parent=46507"}],"wp:term":[{"taxonomy":"category","embeddable":true,"href":"https:\/\/encuentroinformativo.com.mx\/index.php?rest_route=%2Fwp%2Fv2%2Fcategories&post=46507"},{"taxonomy":"post_tag","embeddable":true,"href":"https:\/\/encuentroinformativo.com.mx\/index.php?rest_route=%2Fwp%2Fv2%2Ftags&post=46507"}],"curies":[{"name":"wp","href":"https:\/\/api.w.org\/{rel}","templated":true}]}}