{"id":46523,"date":"2023-10-16T20:38:12","date_gmt":"2023-10-17T02:38:12","guid":{"rendered":"https:\/\/encuentroinformativo.com.mx\/?p=46523"},"modified":"2023-10-16T20:38:16","modified_gmt":"2023-10-17T02:38:16","slug":"por-bloquearlos-en-facebook-interpone-movimiento-ciudadano-juicio-de-amparo-contra-gobernador","status":"publish","type":"post","link":"https:\/\/encuentroinformativo.com.mx\/?p=46523","title":{"rendered":"Por bloquearlos en Facebook, interpone Movimiento Ciudadano juicio de amparo contra Gobernador"},"content":{"rendered":"\n<p><strong>Dar\u00edo Pale <\/strong><\/p>\n\n\n\n<p>Xalapa, Ver.- Interpone Movimiento Ciudadano (MC) juicio de amparo en contra del gobernador Cuitl\u00e1huac Garc\u00eda Jim\u00e9nez por bloquearlo de la red social de <em>Facebook<\/em>, as\u00ed lo dio a conocer el dirigente estatal de Movimiento, Sergio Gil Rull\u00e1n.<\/p>\n\n\n\n<p>En entrevista expres\u00f3 que hizo lo mismo que el exfiscal Jorge N, a quien tanto critic\u00f3 por su opacidad y ahora hace lo mismo, no tolera cr\u00edtica, de suerte que con el bloqueo no lo pueden etiquetar ni ver lo que publica.<\/p>\n\n\n\n<p>&#8220;No se lo vamos a permitir ni a \u00e9l ni a nadie, que ning\u00fan funcionario p\u00fablico quiera ocultarse bajo un bloqueo para no tener que informar&#8221;, se\u00f1al\u00f3.<\/p>\n\n\n\n<p>Dio a conocer que el juicio se interpuso ante el juez en materia administrativa, en los juzgados federales, aunque no sabemos la fecha del bloqueo, porque <em>Facebook<\/em> no indica a partir de cu\u00e1ndo se hace un bloqueo.<\/p>\n\n\n\n<p>El l\u00edder de MC afirm\u00f3 que este d\u00eda le est\u00e1 pidiendo al Ejecutivo que lo desbloque\u00e9, toda vez que de no hacerlo ser\u00e1 la autoridad jurisdiccional la que se lo ordene.<\/p>\n\n\n\n<p>Record\u00f3 que por ley ning\u00fan funcionario puede bloquear a los ciudadanos y en ese sentido, refiri\u00f3 que la Suprema Corte de Justicia de la Naci\u00f3n (SCJN) resolvi\u00f3 el Amparo 1005\/2018, por unanimidad de 4 votos, relativo al bloqueo que realiz\u00f3 el ahora exfiscal general de Veracruz, Jorge N en la red social Twitter, contra el reportero Miguel \u00c1ngel Le\u00f3n Carmona.<\/p>\n\n\n\n<p>En ese sentido, Gil Rull\u00e1n dijo que no se hab\u00eda dado cuenta de que el Gobernador lo ten\u00eda bloqueado, pero record\u00f3 que este tipo de juicios ya hab\u00edan ocurrido.<\/p>\n\n\n\n<p>Tambi\u00e9n reiter\u00f3 que el Mandatario lo ret\u00f3 a un debate, sin embargo, es la fecha en que esto no ha ocurrido.<\/p>\n\n\n\n<p>Finalmente dio a conocer que, &#8220;le estoy entregando copia del juicio para ver si la civilidad y la democracia le permite la apertura y haga el desbloqueo antes de que la ley se lo obligue, porque nosotros s\u00ed damos la cara&#8221;.<\/p>\n","protected":false},"excerpt":{"rendered":"<p>Dar\u00edo Pale Xalapa, Ver.- Interpone Movimiento Ciudadano (MC) juicio de amparo en contra del gobernador Cuitl\u00e1huac Garc\u00eda Jim\u00e9nez por bloquearlo de la red social de Facebook, as\u00ed lo dio a conocer el dirigente estatal de Movimiento, Sergio Gil Rull\u00e1n. En entrevista expres\u00f3 que hizo lo mismo que el exfiscal Jorge N, a quien tanto critic\u00f3 [&hellip;]<\/p>\n","protected":false},"author":2476,"featured_media":46522,"comment_status":"open","ping_status":"open","sticky":false,"template":"","format":"standard","meta":{"_jetpack_memberships_contains_paid_content":false,"footnotes":""},"categories":[2],"tags":[],"class_list":["post-46523","post","type-post","status-publish","format-standard","has-post-thumbnail","hentry","category-estado"],"jetpack_featured_media_url":"https:\/\/encuentroinformativo.com.mx\/wp-content\/uploads\/2023\/10\/IMG-20231016-WA0119.jpg","jetpack_sharing_enabled":true,"jetpack_likes_enabled":true,"amp_enabled":true,"_links":{"self":[{"href":"https:\/\/encuentroinformativo.com.mx\/index.php?rest_route=\/wp\/v2\/posts\/46523","targetHints":{"allow":["GET"]}}],"collection":[{"href":"https:\/\/encuentroinformativo.com.mx\/index.php?rest_route=\/wp\/v2\/posts"}],"about":[{"href":"https:\/\/encuentroinformativo.com.mx\/index.php?rest_route=\/wp\/v2\/types\/post"}],"author":[{"embeddable":true,"href":"https:\/\/encuentroinformativo.com.mx\/index.php?rest_route=\/wp\/v2\/users\/2476"}],"replies":[{"embeddable":true,"href":"https:\/\/encuentroinformativo.com.mx\/index.php?rest_route=%2Fwp%2Fv2%2Fcomments&post=46523"}],"version-history":[{"count":1,"href":"https:\/\/encuentroinformativo.com.mx\/index.php?rest_route=\/wp\/v2\/posts\/46523\/revisions"}],"predecessor-version":[{"id":46524,"href":"https:\/\/encuentroinformativo.com.mx\/index.php?rest_route=\/wp\/v2\/posts\/46523\/revisions\/46524"}],"wp:featuredmedia":[{"embeddable":true,"href":"https:\/\/encuentroinformativo.com.mx\/index.php?rest_route=\/wp\/v2\/media\/46522"}],"wp:attachment":[{"href":"https:\/\/encuentroinformativo.com.mx\/index.php?rest_route=%2Fwp%2Fv2%2Fmedia&parent=46523"}],"wp:term":[{"taxonomy":"category","embeddable":true,"href":"https:\/\/encuentroinformativo.com.mx\/index.php?rest_route=%2Fwp%2Fv2%2Fcategories&post=46523"},{"taxonomy":"post_tag","embeddable":true,"href":"https:\/\/encuentroinformativo.com.mx\/index.php?rest_route=%2Fwp%2Fv2%2Ftags&post=46523"}],"curies":[{"name":"wp","href":"https:\/\/api.w.org\/{rel}","templated":true}]}}