{"id":46538,"date":"2023-10-17T09:30:50","date_gmt":"2023-10-17T15:30:50","guid":{"rendered":"https:\/\/encuentroinformativo.com.mx\/?p=46538"},"modified":"2023-10-17T09:30:54","modified_gmt":"2023-10-17T15:30:54","slug":"amlo-apapacha-a-rocio-nahle-la-persona-mas-votada-de-veracruz","status":"publish","type":"post","link":"https:\/\/encuentroinformativo.com.mx\/?p=46538","title":{"rendered":"AMLO APAPACHA A ROC\u00cdO NAHLE, LA PERSONA M\u00c1S VOTADA DE VERACRUZ"},"content":{"rendered":"\n<p><strong>ColumnaSinNombre<br>@pablojair<\/strong><\/p>\n\n\n\n<ul class=\"wp-block-list\"><li>Se les durmieron los de redes sociales en el gobierno.<\/li><li>Catedr\u00e1ticos de la UV dan nuevo plazo para pagos pendientes.<\/li><li>Celebra Fundamentos 40 aniversario con documental.<\/li><\/ul>\n\n\n\n<p>\u00bfTon&#8217;s lo de &#8220;Veracruz Me Llena de Orgullo\u201d<br>es marca registrada de Don Bola pa&#8217; su campa\u00f1a?<br>&#8211;Chopenjawer<\/p>\n\n\n\n<p>Cualquier abogado serio (hasta los de dos pesos, casi nivel pasquinero en medios), sin apasionamientos pol\u00edticos y con toda objetividad, le podr\u00e1 decir que la inge Roc\u00edo Nahle tiene protegidos sus derechos pol\u00edticos; que nada le impide ser candidata a la gubernatura de Veracruz, m\u00e1xime cuando tiene m\u00e1s de 30 a\u00f1os viviendo en Coatzacoalcos.<\/p>\n\n\n\n<p>Eso lo record\u00f3 el presidente Andr\u00e9s Manuel L\u00f3pez Obrador este lunes en su \u201cma\u00f1anera\u201d: que siendo tabasque\u00f1o con residencia en el Distrito Federal (hoy Ciudad de M\u00e9xico) pudo gobernar la capital del pa\u00eds, r\u00e9gimen donde por cierto nacieron las \u201cma\u00f1aneras\u201d.<\/p>\n\n\n\n<p>Y aport\u00f3: \u201cF\u00edjense que yo soy veracruzano, soy tabasque\u00f1o, soy choco-jarocho porque de acuerdo a la Constituci\u00f3n de Veracruz, en el art\u00edculo 11, se establece que los hijos de veracruzanos son veracruzanos y mi pap\u00e1 era de Veracruz, de Nopaltepec, de la cuenca del Papaloapan, con mucho orgullo, y mi madre tabasque\u00f1a, de Frontera, Tabasco\u201d.<\/p>\n\n\n\n<p>Otro oriundo de Nopaltepec es el carism\u00e1tico ex gobernador Fidel Herrera Beltr\u00e1n y uno como que ya va atando cabos en el imaginario pol\u00edtico.<\/p>\n\n\n\n<p>Y es que el popular \u201cT\u00edo Fide\u201d \u2014pese a toda la retah\u00edla de maldades que le atribuyen\u2014 en el estado mucha gente curiosamente lo extra\u00f1a y lo recuerda con cari\u00f1o. He escuchado hasta a gente de Morena decir con reconocimiento: \u201cBueno, es que el T\u00edo era el T\u00edo\u201d.<\/p>\n\n\n\n<p>De paso, su hijo Javier, l\u00edder del Partido Verde, ya se decant\u00f3 por Roc\u00edo Nahle.<\/p>\n\n\n\n<p>AMLO tambi\u00e9n record\u00f3 que Roc\u00edo Nahle ya fue diputada federal por Coatzacoalcos, en aquella elecci\u00f3n de 2015 cuando Morena apareci\u00f3 por primera vez en el mapa electoral de Veracruz ganando los distritos de Xalapa y el antiguo Puerto M\u00e9xico. En esa ocasi\u00f3n, la inge le puso una rastriza a sus adversarios, bateados por el descontento popular, especialmente a los del grupo del ex alcalde Marcelo Montiel Montiel (a) \u201cLa Chica Lager\u201d, hoy operando para el diputado federal Sergio Guti\u00e9rrez Luna.<\/p>\n\n\n\n<p>Tambi\u00e9n enfatiz\u00f3 en que fue electa senadora por Veracruz en 2018, teniendo una copiosa votaci\u00f3n, especialmente porque esa vez Morena hizo pomada a los partidos de oposici\u00f3n ganando pr\u00e1cticamente todo: \u201cObtuvo un mill\u00f3n 820 mil votos en el 2018; el 48 por ciento (de la preferencia electoral)\u201d, subray\u00f3 el presidente.<\/p>\n\n\n\n<p>De hecho, Roc\u00edo Nahle tuvo m\u00e1s votos como senadora que Cuitl\u00e1huac como gobernador, quien obtuvo un mill\u00f3n 667 mil 239 votos. Es decir, la ingeniera que sus cr\u00edticos enfatizan no es veracruzana, es la persona m\u00e1s votada en la historia de Veracruz.<\/p>\n\n\n\n<p>Pero AMLO tampoco se olvid\u00f3 del segundo lugar, al que Nahle le gan\u00f3 por medio mill\u00f3n de sufragios: \u201cEl segundo lugar, un mill\u00f3n 261 mil\u2026 \u00bfEs el mismo que est\u00e1 ahora, verdad? El que trajo a los de VOX, a los fachos\u2026 Miren, como 500 mil votos de m\u00e1s (sobre Julen Rementer\u00eda)\u201d, se\u00f1al\u00f3 ir\u00f3nico en su conferencia matutina.<\/p>\n\n\n\n<p>No obstante, ataj\u00f3 ma\u00f1osamente para que al rato no digan que hay una favorita: \u201cTambi\u00e9n quiero aclarar algo: no s\u00f3lo es Roc\u00edo: hay dirigentes, hombres y mujeres, en Veracruz, del movimiento nuestro, iguales que Roc\u00edo: con convicciones, con principios, honestos\u2026 \u00bfQui\u00e9n va a decidir?: el pueblo\u201d.<\/p>\n\n\n\n<p>Pero volvi\u00f3 a criticar la cantaleta de la oriundez de Nahle: \u201cSiempre he estado en contra de que quieran descalificar a alguien. Ganarles, como se dice, en la mesa, porque yo lo padec\u00ed dos veces: primero cuando fui candidato a jefe de Gobierno, me impugn\u00f3 el PRIAN de que yo no era de aqu\u00ed, que no ten\u00eda la residencia. Al final se demostr\u00f3 que s\u00ed ten\u00eda yo la residencia\u201d.<\/p>\n\n\n\n<p>Incluso acompa\u00f1\u00f3 la historia con an\u00e9cdota que le divirti\u00f3: \u201cRecuerdo despu\u00e9s de mucho tiempo de campa\u00f1a en contra, en un peri\u00f3dico vespertino que antes se ve\u00edan mucho por las cabezas, por la forma c\u00f3mo daban a conocer las noticias, me acuerdo que el encabezado fue &#8220;\u00a1ES CHILANGO!&#8221;, cuando resolvieron que yo s\u00ed pod\u00eda participar, pero me quer\u00edan cepillar\u201d, dijo entre risas.<\/p>\n\n\n\n<p>Volvi\u00f3 a recordar sobre los ataques para tratar de frenarlo en su conocida lucha para llegar a la Presidencia de la Rep\u00fablica: \u201cLuego me desaforaron, porque no quer\u00edan que apareciera mi nombre en la boleta de elecciones presidencial de 2006, supuestamente porque hab\u00eda yo violado un amparo y me quer\u00edan impedir participar por ese antecedente penal. Toda una maniobra de estos corruptos, porque son muy ladrones y muy hip\u00f3critas los del bloque conservador\u201d.<\/p>\n\n\n\n<p>Hasta aqu\u00ed el comentario del presidente en su \u201cma\u00f1anera\u201d.<\/p>\n\n\n\n<p>Y es que, la verdad, esa l\u00f3gica de que Nahle no naci\u00f3 en Veracruz casi equivale a decir que un veracruzano que vivi\u00f3 toda su vida fuera del estado (digamos, en Baja California) no tiene ni \u201cpukta\u201d idea de lo que ocurre en el estado por estar tanto tiempo lejos de la entidad.<\/p>\n\n\n\n<p>Vaya, como dice AMLO, eso es hipocres\u00eda, porque en el pasado ac\u00e1 los de la vieja clase pol\u00edtica se la cromaron hasta al cansancio al potosino gobernador Chirinos.<\/p>\n\n\n\n<p>Por cierto, ac\u00e1 en el sur \u2014de visita por Mina\u2014 se percibe diferente el panorama: mientras all\u00e1 en Coatepec saturan con lonas photoshopeadas del ex secretario de Gobierno, Eric Cisneros, con el presidente L\u00f3pez Obrador, en tierras minatitlecas (y lugares cercanos) se ven por todos lados bardas y mensajes de apoyo a Roc\u00edo Nahle, sin necesidad de mostrar la figura de AMLO.<\/p>\n\n\n\n<p>O sea, en el Pueblo M\u00e1gico usan la imagen del tlatoani, porque de otra forma nom\u00e1s no brilla lo opaco.<\/p>\n\n\n\n<p>Recuerdo que una elecci\u00f3n &#8211;si no mal recuerdo, precisamente la de Fidel, en 2004&#8211; el PRI la gan\u00f3 por la gran cantidad de votos que el sur veracruzano aport\u00f3; falta ver cu\u00e1ntos aportar\u00eda la Cuenca, donde todav\u00eda (dicen) manda y tiene mucha influencia el paisano del pap\u00e1 de AMLO.<\/p>\n\n\n\n<p>Eso, neta, va a ser interesante, pachi.<\/p>\n\n\n\n<p><strong>NOTA PARA PEGAR EN EL REFRI: <\/strong>Mal inicio de la nueva etapa en la Secretar\u00eda de Educaci\u00f3n de Veracruz, pues ac\u00e1 al menos ac\u00e1 en Minatitl\u00e1n (supervisando las m\u00faltiples propiedades de varias hect\u00e1reas y negocios industriales de la familia) nunca se dio un aviso oficial de suspensi\u00f3n de clases este lunes por las fuertes lluvias que azotaron a esta regi\u00f3n. Si no hubiese esa cosa llamada &#8220;WhatsApp&#8221;, muchos padres de familia ni por enterados de que se suspendieron clases y s\u00f3lo fue a trav\u00e9s de dicho canal donde as\u00ed lo avisaron los maestros de \u00faltima hora\u2026 Al parecer all\u00e1 en Xalapa se les olvid\u00f3 que tienen redes sociales y nada les costaba poner un mensajito o un banner desde anoche (el propio gobernador Cuitl\u00e1huac dijo que la decisi\u00f3n fue tomada antes de que acabara el domingo) para oficializar la suspensi\u00f3n de actividades escolares en esta regi\u00f3n\u2026 \u00bfO ser\u00e1 que por el fr\u00edo les dio weba?<\/p>\n\n\n\n<p><strong>OTRA NOTA: <\/strong>Este lunes, cerca de las 13:30 horas, representantes de catedr\u00e1ticos de la Universidad Veracruzana se reunieron con autoridades de la Rector\u00eda para dialogar sobre el problema de que no les han pagado en al menos 4 quincenas el sueldo a maestros\u2026 Seg\u00fan fuentes cercanas a la reuni\u00f3n, se logr\u00f3 saber que, en asamblea, los inconformes acordaron por unanimidad un plazo de una semana m\u00e1s para que regularicen los pagos pendientes, teniendo como fecha l\u00edmite este d\u00eda viernes 20 de octubre. De lo contrario, el pr\u00f3ximo lunes habr\u00e1 un paro indefinido que podr\u00eda extenderse por toda la entidad, ya que son afectados catedr\u00e1ticos de las 5 regiones universitarias\u2026 De acuerdo a las fuentes, el argumento de la falta de pagos por parte de la Universidad, es que hubo una modificaci\u00f3n en la plataforma para el pago de los salarios, afectando la dispersi\u00f3n de los mismos, ya que burocratiz\u00f3 el sistema, ocasionado problemas administrativos. El asunto ya deb\u00eda haberse resuelto hace un mes porque en el Contrato Colectivo de Trabajo se estipula que el plazo no debe pasar de 30 d\u00edas en estos casos de retraso.<\/p>\n\n\n\n<p><strong>LA \u00daLTIMA PORQUE LLEGANDO DE MINA A COATEPEC: <\/strong>La revista &#8220;Fundamentos&#8221;, de Xalapa, celebra cuatro d\u00e9cadas de periodismo ininterrumpido con el estreno del documental \u201cLa Historia Que Nos Falt\u00f3 Contar\u201d, que se presentar\u00e1 en un evento especial en la Galer\u00eda de Arte Contempor\u00e1neo de Xalapa (GAC)\u2026 El filme arranca en los a\u00f1os ochentas, durante el acostalagunismo, con el estado de Veracruz saturado de publicaciones oficiales, con un pri\u00edsmo arrollador y el nulo apoyo period\u00edstico a la formaci\u00f3n de grupos de oposici\u00f3n. Tiempo que sirvi\u00f3 como laboratorio de ideas para un grupo de j\u00f3venes que rompieron con la l\u00ednea editorial de su \u00e9poca para crear la publicaci\u00f3n conocida como Fundamentos\u2026. La pieza documental se proyectar\u00e1 el pr\u00f3ximo 17 de octubre en punto de las 17:00 horas, en la sala de la GAC\u2026 Desde aqu\u00ed un fuerte abrazo al buen Alfredo Valenzuela, quien sigue manteniendo el legado period\u00edstico iniciado por su se\u00f1or padre\u2026 \u00a1Enhorabuena, que haya 40 y muchos a\u00f1os m\u00e1s!<\/p>\n","protected":false},"excerpt":{"rendered":"<p>ColumnaSinNombre@pablojair Se les durmieron los de redes sociales en el gobierno. Catedr\u00e1ticos de la UV dan nuevo plazo para pagos pendientes. Celebra Fundamentos 40 aniversario con documental. \u00bfTon&#8217;s lo de &#8220;Veracruz Me Llena de Orgullo\u201des marca registrada de Don Bola pa&#8217; su campa\u00f1a?&#8211;Chopenjawer Cualquier abogado serio (hasta los de dos pesos, casi nivel pasquinero en [&hellip;]<\/p>\n","protected":false},"author":2476,"featured_media":488,"comment_status":"open","ping_status":"open","sticky":false,"template":"","format":"standard","meta":{"_jetpack_memberships_contains_paid_content":false,"footnotes":""},"categories":[11],"tags":[],"class_list":["post-46538","post","type-post","status-publish","format-standard","has-post-thumbnail","hentry","category-opinion"],"jetpack_featured_media_url":"https:\/\/encuentroinformativo.com.mx\/wp-content\/uploads\/2020\/03\/F471F608-BA1A-416B-BA7B-BCFB24F4E6D0.jpeg","jetpack_sharing_enabled":true,"jetpack_likes_enabled":true,"amp_enabled":true,"_links":{"self":[{"href":"https:\/\/encuentroinformativo.com.mx\/index.php?rest_route=\/wp\/v2\/posts\/46538","targetHints":{"allow":["GET"]}}],"collection":[{"href":"https:\/\/encuentroinformativo.com.mx\/index.php?rest_route=\/wp\/v2\/posts"}],"about":[{"href":"https:\/\/encuentroinformativo.com.mx\/index.php?rest_route=\/wp\/v2\/types\/post"}],"author":[{"embeddable":true,"href":"https:\/\/encuentroinformativo.com.mx\/index.php?rest_route=\/wp\/v2\/users\/2476"}],"replies":[{"embeddable":true,"href":"https:\/\/encuentroinformativo.com.mx\/index.php?rest_route=%2Fwp%2Fv2%2Fcomments&post=46538"}],"version-history":[{"count":1,"href":"https:\/\/encuentroinformativo.com.mx\/index.php?rest_route=\/wp\/v2\/posts\/46538\/revisions"}],"predecessor-version":[{"id":46539,"href":"https:\/\/encuentroinformativo.com.mx\/index.php?rest_route=\/wp\/v2\/posts\/46538\/revisions\/46539"}],"wp:featuredmedia":[{"embeddable":true,"href":"https:\/\/encuentroinformativo.com.mx\/index.php?rest_route=\/wp\/v2\/media\/488"}],"wp:attachment":[{"href":"https:\/\/encuentroinformativo.com.mx\/index.php?rest_route=%2Fwp%2Fv2%2Fmedia&parent=46538"}],"wp:term":[{"taxonomy":"category","embeddable":true,"href":"https:\/\/encuentroinformativo.com.mx\/index.php?rest_route=%2Fwp%2Fv2%2Fcategories&post=46538"},{"taxonomy":"post_tag","embeddable":true,"href":"https:\/\/encuentroinformativo.com.mx\/index.php?rest_route=%2Fwp%2Fv2%2Ftags&post=46538"}],"curies":[{"name":"wp","href":"https:\/\/api.w.org\/{rel}","templated":true}]}}