{"id":46541,"date":"2023-10-17T09:38:14","date_gmt":"2023-10-17T15:38:14","guid":{"rendered":"https:\/\/encuentroinformativo.com.mx\/?p=46541"},"modified":"2023-10-17T09:38:17","modified_gmt":"2023-10-17T15:38:17","slug":"medellin-de-bravo-celebrara-500-anos-de-su-fundacion","status":"publish","type":"post","link":"https:\/\/encuentroinformativo.com.mx\/?p=46541","title":{"rendered":"Medell\u00edn de Bravo celebrar\u00e1 500 a\u00f1os de su Fundaci\u00f3n"},"content":{"rendered":"\n<p><strong>Alejandro \u00c1vila<\/strong><\/p>\n\n\n\n<p>Medell\u00edn de Bravo, Ver.- A partir del 18 y hasta el 22 de octubre, se realizar\u00e1n exposiciones artesanales, gastron\u00f3micas y fotogr\u00e1ficas, adem\u00e1s de conferencias y talleres, as\u00ed como una presentaci\u00f3n de La Guelaguetza, todo con motivo de la celebraci\u00f3n de los 500 a\u00f1os de la Fundaci\u00f3n de la Villa de Medell\u00edn.<\/p>\n\n\n\n<p>El&nbsp; Ayuntamiento que encabeza Marcos Isle\u00f1o Andrade, en coordinaci\u00f3n con el Gobierno del Estado y el Instituto Veracruzano de la Cultura (IVEC), lanz\u00f3 la invitaci\u00f3n al Programa Cultural que tendr\u00e1 como sede el Parque Central \u201cNicol\u00e1s Bravo\u201d, en pleno coraz\u00f3n del municipio.<\/p>\n\n\n\n<p>El evento se llevar\u00e1 a cabo del 18 al 22 de octubre y contar\u00e1 con exposiciones artesanales, gastron\u00f3micas y fotogr\u00e1ficas adem\u00e1s de conferencias, talleres y la magna presentaci\u00f3n de La Guelaguetza.<\/p>\n\n\n\n<p>Tambi\u00e9n los medellinenses y visitantes podr\u00e1n disfrutar de los conciertos de la Universidad Naval de la Secretar\u00eda de Marina y de \u201cLa Coral Sotavento\u201d en la Parroquia de San Miguel Arc\u00e1ngel, la realizaci\u00f3n de una c\u00e1psula del tiempo y la Develaci\u00f3n de la \u201cPlazuela 500 a\u00f1os\u201d.<\/p>\n\n\n\n<p>Todas las actividades son completamente gratuitas y para toda la familia, mismas que se estar\u00e1n publicando por medio de las redes sociales del Alcalde&nbsp; y la Casa de la Cultura.<\/p>\n\n\n\n<p><em>Programa 500 a\u00f1os de la fundaci\u00f3n de la Villa de Medell\u00edn de Bravo<\/em><\/p>\n\n\n\n<p>18 de Octubre<\/p>\n\n\n\n<p>11:00: Guardia de honor a Monumento de Nicol\u00e1s Bravo.<br>16:00: Taller Sellos Prehisp\u00e1nicos a cargo del Instituto Nacional de Antropolog\u00eda e Historia. (INAH)<br>18:00: Conferencia \u201cRescate, preservaci\u00f3n y difusi\u00f3n del patrimonio cultural tangible y no tangible\u201d a cargo del Mtro. Alejo Castillo Rivera<br>19:00: Concierto a cargo de la Universidad Naval de la Secretar\u00eda de Marina.<\/p>\n\n\n\n<p>19 de Octubre<\/p>\n\n\n\n<p>16:00: Taller \u201cPintando tu pasado\u201d a cargo del Instituto Nacional de Antropolog\u00eda e Historia. (INAH)<br>18:00: Conferencia \u201cMedell\u00edn en la Guerra de Independencia\u201d a cargo del Licenciado en Historia Mario Armando Casta\u00f1eda Guti\u00e9rrez<br>19:00: Presentaci\u00f3n del Ballet Folcl\u00f3rico del Municipio de Cosamaloapan<\/p>\n\n\n\n<p>20 de Octubre<\/p>\n\n\n\n<p>16:00: Taller \u201cPintura Mural\u201d a cargo del Instituto Nacional de Antropolog\u00eda e Historia. (INAH)<br>18:00: C\u00e1psula del tiempo por habitantes del municipio<br>18:30: Conferencia \u201cMedell\u00edn; un recorrido a trav\u00e9s de sus 500 a\u00f1os\u201d a cargo del Mtro. Jos\u00e9 Luis Visozo Carmona.<br>19:00: Presentaci\u00f3n del Ballet Folcl\u00f3rico del municipio de Jamapa<\/p>\n\n\n\n<p>21 de octubre&nbsp;<\/p>\n\n\n\n<p>18:00: Conferencia \u201cDe Tochtepec a Medell\u00edn\u201d a cargo del Mtro. Tom\u00e1s Garc\u00eda<br>19:00: Representaci\u00f3n de la obra \u201cEl perd\u00f3n a los 300 espa\u00f1oles por Nicol\u00e1s Bravo\u201d<br>20:00: Presentaci\u00f3n art\u00edstica<\/p>\n\n\n\n<p>22 de Octubre<\/p>\n\n\n\n<p>17:00: Recepci\u00f3n de Invitados especiales&nbsp;<br>17:30: Concierto 500 a\u00f1os a cargo de \u201cLa coral Sotavento\u201d Parroquia de San Miguel Arc\u00e1ngel<br>18:10: Presentaci\u00f3n Ballet Medell\u00edn de Casa de Cultura<br>19:00: Develaci\u00f3n Plazuela 500 a\u00f1os<br>20:00: Presentaci\u00f3n de \u201cLa Guelaguetza\u201d del municipio de Tuxtepec<\/p>\n\n\n\n<p>FIJO<\/p>\n\n\n\n<p>\u2022EXPOSICI\u00d3N ARTESANAL<\/p>\n\n\n\n<p>\u2022EXPOSICI\u00d3N GASTRON\u00d3MICA<\/p>\n\n\n\n<p>\u2022EXPOSICI\u00d3N FOTOGR\u00c1FICA<br>[17\/10, 8:46 a.&nbsp;m.] Alejandro \u00c1vila: Confirman Papaqui de Catrinas el pr\u00f3ximo 27 de octubre en Veracruz puerto<\/p>\n\n\n\n<p>Alejandro \u00c1vila<\/p>\n\n\n\n<p>Veracruz, Ver.- En el marco de la celebraci\u00f3n de Todos Santos, la Academia de Belleza Reflejos y el Comit\u00e9 de Carnaval de Veracruz, realizar\u00e1n el Desfile y Papaqui de Catrinas \u201cTradiciones Mexicanas\u201d, fundado hace 10 a\u00f1os por el maestro Phillipe Reyes (+).<\/p>\n\n\n\n<p>Ser\u00e1 el pr\u00f3ximo viernes 27 de octubre cuando se lleve a cabo este d\u00e9cimo Desfile y Papaqui de Catrinas \u201cTradiciones Mexicanas\u201d, que una vez m\u00e1s la Academia de Belleza &#8220;Reflejos&#8221; hace alianza con el Comit\u00e9 de Carnaval para llevar a cabo dicho festejo y conmemoraci\u00f3n.<\/p>\n\n\n\n<p>El Desfile de Catrinas \u201cTradiciones Mexicanas\u201d dar\u00e1 inicio en punto de las 17:00 horas partiendo de Ray\u00f3n y Zaragoza (a un lado de Bomberos) para tomar la avenida Independencia y concluir en el Z\u00f3calo de Veracruz con una Verbena Popular donde se premiar\u00e1 a las mejores caracterizaciones de la Academia de Belleza Reflejos y del p\u00fablico en general que participe.&nbsp;<\/p>\n\n\n\n<p>Se espera la participaci\u00f3n en el contingente de m\u00e1s de mil personas caracterizadas de Catrinas y Catrines y se ha confirmado la presencia de la Corte Real del Carnaval 2023, adem\u00e1s de bastoneras, batucadas y tres carros aleg\u00f3ricos.<\/p>\n\n\n\n<p>Este a\u00f1o el contingente se seccionar\u00e1: Catrinas viudas negras; Catrinas Garbanceras; Catrinas t\u00edpicas con trajes regionales, Catrinas de dulce y Catrinas Tradicionales.<\/p>\n\n\n\n<p>Detallaron que la cita es a las 16:30 horas para formarse y as\u00ed arrancar el Desafile &amp; Papaqui a las 17:00 horas. Las inscripciones se realizar\u00e1n en la Academia de Belleza Reflejos, ubicada en Esteban Morales entre Independencia y 5 de Mayo (Centro Hist\u00f3rico)&nbsp; de 8 a de la ma\u00f1ana a 1 de la tarde el mismo d\u00eda del evento, viernes 27 de octubre.&nbsp;<\/p>\n\n\n\n<p>Presidieron la conferencia de prensa: Laura Esmeralda D\u00edaz Mart\u00ednez, directora de la Academia de Belleza \u201cReflejos\u201d; Hugo Alberto V\u00e1zquez Fern\u00e1ndez, representante de \u201cReflejos\u201d; con la representaci\u00f3n de Luis Antonio P\u00e9rez Fraga, presidente del Comit\u00e9 de Carnaval, asistieron: Mar\u00eda del Carmen Gallardo Cruz, Oficial Mayor del Comit\u00e9 de Carnaval y Luis Francisco Vald\u00e9s, Coordinador General; as\u00ed como Susana Ortiz, directora de Bastoneras de Susy.<\/p>\n\n\n\n<p>El Comit\u00e9 de Carnaval de Veracruz y la Academia de Belleza \u201cReflejos\u201d exhortan a la ciudadan\u00eda a participar y disfrutar de este Desfile &amp; Papaqui de Catrinas \u201cTradiciones Mexicanas\u201d el viernes 27 de octubre a partir de las 17:00 horas.<\/p>\n","protected":false},"excerpt":{"rendered":"<p>Alejandro \u00c1vila Medell\u00edn de Bravo, Ver.- A partir del 18 y hasta el 22 de octubre, se realizar\u00e1n exposiciones artesanales, gastron\u00f3micas y fotogr\u00e1ficas, adem\u00e1s de conferencias y talleres, as\u00ed como una presentaci\u00f3n de La Guelaguetza, todo con motivo de la celebraci\u00f3n de los 500 a\u00f1os de la Fundaci\u00f3n de la Villa de Medell\u00edn. El&nbsp; Ayuntamiento [&hellip;]<\/p>\n","protected":false},"author":2476,"featured_media":46542,"comment_status":"open","ping_status":"open","sticky":false,"template":"","format":"standard","meta":{"_jetpack_memberships_contains_paid_content":false,"footnotes":""},"categories":[2],"tags":[],"class_list":["post-46541","post","type-post","status-publish","format-standard","has-post-thumbnail","hentry","category-estado"],"jetpack_featured_media_url":"https:\/\/encuentroinformativo.com.mx\/wp-content\/uploads\/2023\/10\/IMG-20231017-WA0008.jpg","jetpack_sharing_enabled":true,"jetpack_likes_enabled":true,"amp_enabled":true,"_links":{"self":[{"href":"https:\/\/encuentroinformativo.com.mx\/index.php?rest_route=\/wp\/v2\/posts\/46541","targetHints":{"allow":["GET"]}}],"collection":[{"href":"https:\/\/encuentroinformativo.com.mx\/index.php?rest_route=\/wp\/v2\/posts"}],"about":[{"href":"https:\/\/encuentroinformativo.com.mx\/index.php?rest_route=\/wp\/v2\/types\/post"}],"author":[{"embeddable":true,"href":"https:\/\/encuentroinformativo.com.mx\/index.php?rest_route=\/wp\/v2\/users\/2476"}],"replies":[{"embeddable":true,"href":"https:\/\/encuentroinformativo.com.mx\/index.php?rest_route=%2Fwp%2Fv2%2Fcomments&post=46541"}],"version-history":[{"count":1,"href":"https:\/\/encuentroinformativo.com.mx\/index.php?rest_route=\/wp\/v2\/posts\/46541\/revisions"}],"predecessor-version":[{"id":46543,"href":"https:\/\/encuentroinformativo.com.mx\/index.php?rest_route=\/wp\/v2\/posts\/46541\/revisions\/46543"}],"wp:featuredmedia":[{"embeddable":true,"href":"https:\/\/encuentroinformativo.com.mx\/index.php?rest_route=\/wp\/v2\/media\/46542"}],"wp:attachment":[{"href":"https:\/\/encuentroinformativo.com.mx\/index.php?rest_route=%2Fwp%2Fv2%2Fmedia&parent=46541"}],"wp:term":[{"taxonomy":"category","embeddable":true,"href":"https:\/\/encuentroinformativo.com.mx\/index.php?rest_route=%2Fwp%2Fv2%2Fcategories&post=46541"},{"taxonomy":"post_tag","embeddable":true,"href":"https:\/\/encuentroinformativo.com.mx\/index.php?rest_route=%2Fwp%2Fv2%2Ftags&post=46541"}],"curies":[{"name":"wp","href":"https:\/\/api.w.org\/{rel}","templated":true}]}}