{"id":46546,"date":"2023-10-17T10:02:15","date_gmt":"2023-10-17T16:02:15","guid":{"rendered":"https:\/\/encuentroinformativo.com.mx\/?p=46546"},"modified":"2023-10-17T10:02:20","modified_gmt":"2023-10-17T16:02:20","slug":"confirman-papaqui-de-catrinas-en-veracruz-puerto","status":"publish","type":"post","link":"https:\/\/encuentroinformativo.com.mx\/?p=46546","title":{"rendered":"Confirman Papaqui de Catrinas en Veracruz puerto"},"content":{"rendered":"\n<p><strong>Alejandro \u00c1vila<\/strong><\/p>\n\n\n\n<p>Veracruz, Ver.- En el marco de la celebraci\u00f3n de Todos Santos, la Academia de Belleza Reflejos y el Comit\u00e9 de Carnaval de Veracruz, realizar\u00e1n el Desfile y Papaqui de Catrinas \u201cTradiciones Mexicanas\u201d, fundado hace 10 a\u00f1os por el maestro Phillipe Reyes (+).<\/p>\n\n\n\n<p>Ser\u00e1 el pr\u00f3ximo viernes 27 de octubre cuando se lleve a cabo este d\u00e9cimo Desfile y Papaqui de Catrinas \u201cTradiciones Mexicanas\u201d, que una vez m\u00e1s la Academia de Belleza &#8220;Reflejos&#8221; hace alianza con el Comit\u00e9 de Carnaval para llevar a cabo dicho festejo y conmemoraci\u00f3n.<\/p>\n\n\n\n<p>El Desfile de Catrinas \u201cTradiciones Mexicanas\u201d dar\u00e1 inicio en punto de las 17:00 horas partiendo de Ray\u00f3n y Zaragoza (a un lado de Bomberos) para tomar la avenida Independencia y concluir en el Z\u00f3calo de Veracruz con una Verbena Popular donde se premiar\u00e1 a las mejores caracterizaciones de la Academia de Belleza Reflejos y del p\u00fablico en general que participe.&nbsp;<\/p>\n\n\n\n<p>Se espera la participaci\u00f3n en el contingente de m\u00e1s de mil personas caracterizadas de Catrinas y Catrines y se ha confirmado la presencia de la Corte Real del Carnaval 2023, adem\u00e1s de bastoneras, batucadas y tres carros aleg\u00f3ricos.<\/p>\n\n\n\n<p>Este a\u00f1o el contingente se seccionar\u00e1: Catrinas viudas negras; Catrinas Garbanceras; Catrinas t\u00edpicas con trajes regionales, Catrinas de dulce y Catrinas Tradicionales.<\/p>\n\n\n\n<p>Detallaron que la cita es a las 16:30 horas para formarse y as\u00ed arrancar el Desafile &amp; Papaqui a las 17:00 horas. Las inscripciones se realizar\u00e1n en la Academia de Belleza Reflejos, ubicada en Esteban Morales entre Independencia y 5 de Mayo (Centro Hist\u00f3rico)&nbsp; de 8 a de la ma\u00f1ana a 1 de la tarde el mismo d\u00eda del evento, viernes 27 de octubre.&nbsp;<\/p>\n\n\n\n<p>Presidieron la conferencia de prensa: Laura Esmeralda D\u00edaz Mart\u00ednez, directora de la Academia de Belleza \u201cReflejos\u201d; Hugo Alberto V\u00e1zquez Fern\u00e1ndez, representante de \u201cReflejos\u201d; con la representaci\u00f3n de Luis Antonio P\u00e9rez Fraga, presidente del Comit\u00e9 de Carnaval, asistieron: Mar\u00eda del Carmen Gallardo Cruz, Oficial Mayor del Comit\u00e9 de Carnaval y Luis Francisco Vald\u00e9s, Coordinador General; as\u00ed como Susana Ortiz, directora de Bastoneras de Susy.<\/p>\n\n\n\n<p>El Comit\u00e9 de Carnaval de Veracruz y la Academia de Belleza \u201cReflejos\u201d exhortan a la ciudadan\u00eda a participar y disfrutar de este Desfile &amp; Papaqui de Catrinas \u201cTradiciones Mexicanas\u201d el viernes 27 de octubre a partir de las 17:00 horas.<\/p>\n\n\n\n<figure class=\"wp-block-image size-large\"><img loading=\"lazy\" decoding=\"async\" width=\"1024\" height=\"768\" src=\"https:\/\/encuentroinformativo.com.mx\/wp-content\/uploads\/2023\/10\/IMG-20231017-WA0011-1024x768.jpg\" alt=\"\" class=\"wp-image-46548\" srcset=\"https:\/\/encuentroinformativo.com.mx\/wp-content\/uploads\/2023\/10\/IMG-20231017-WA0011-1024x768.jpg 1024w, https:\/\/encuentroinformativo.com.mx\/wp-content\/uploads\/2023\/10\/IMG-20231017-WA0011-300x225.jpg 300w, https:\/\/encuentroinformativo.com.mx\/wp-content\/uploads\/2023\/10\/IMG-20231017-WA0011-768x576.jpg 768w, https:\/\/encuentroinformativo.com.mx\/wp-content\/uploads\/2023\/10\/IMG-20231017-WA0011-1536x1152.jpg 1536w, https:\/\/encuentroinformativo.com.mx\/wp-content\/uploads\/2023\/10\/IMG-20231017-WA0011.jpg 1600w\" sizes=\"auto, (max-width: 1024px) 100vw, 1024px\" \/><\/figure>\n","protected":false},"excerpt":{"rendered":"<p>Alejandro \u00c1vila Veracruz, Ver.- En el marco de la celebraci\u00f3n de Todos Santos, la Academia de Belleza Reflejos y el Comit\u00e9 de Carnaval de Veracruz, realizar\u00e1n el Desfile y Papaqui de Catrinas \u201cTradiciones Mexicanas\u201d, fundado hace 10 a\u00f1os por el maestro Phillipe Reyes (+). Ser\u00e1 el pr\u00f3ximo viernes 27 de octubre cuando se lleve a [&hellip;]<\/p>\n","protected":false},"author":2476,"featured_media":46547,"comment_status":"open","ping_status":"open","sticky":false,"template":"","format":"standard","meta":{"_jetpack_memberships_contains_paid_content":false,"footnotes":""},"categories":[2],"tags":[],"class_list":["post-46546","post","type-post","status-publish","format-standard","has-post-thumbnail","hentry","category-estado"],"jetpack_featured_media_url":"https:\/\/encuentroinformativo.com.mx\/wp-content\/uploads\/2023\/10\/IMG-20231017-WA0010.jpg","jetpack_sharing_enabled":true,"jetpack_likes_enabled":true,"amp_enabled":true,"_links":{"self":[{"href":"https:\/\/encuentroinformativo.com.mx\/index.php?rest_route=\/wp\/v2\/posts\/46546","targetHints":{"allow":["GET"]}}],"collection":[{"href":"https:\/\/encuentroinformativo.com.mx\/index.php?rest_route=\/wp\/v2\/posts"}],"about":[{"href":"https:\/\/encuentroinformativo.com.mx\/index.php?rest_route=\/wp\/v2\/types\/post"}],"author":[{"embeddable":true,"href":"https:\/\/encuentroinformativo.com.mx\/index.php?rest_route=\/wp\/v2\/users\/2476"}],"replies":[{"embeddable":true,"href":"https:\/\/encuentroinformativo.com.mx\/index.php?rest_route=%2Fwp%2Fv2%2Fcomments&post=46546"}],"version-history":[{"count":1,"href":"https:\/\/encuentroinformativo.com.mx\/index.php?rest_route=\/wp\/v2\/posts\/46546\/revisions"}],"predecessor-version":[{"id":46549,"href":"https:\/\/encuentroinformativo.com.mx\/index.php?rest_route=\/wp\/v2\/posts\/46546\/revisions\/46549"}],"wp:featuredmedia":[{"embeddable":true,"href":"https:\/\/encuentroinformativo.com.mx\/index.php?rest_route=\/wp\/v2\/media\/46547"}],"wp:attachment":[{"href":"https:\/\/encuentroinformativo.com.mx\/index.php?rest_route=%2Fwp%2Fv2%2Fmedia&parent=46546"}],"wp:term":[{"taxonomy":"category","embeddable":true,"href":"https:\/\/encuentroinformativo.com.mx\/index.php?rest_route=%2Fwp%2Fv2%2Fcategories&post=46546"},{"taxonomy":"post_tag","embeddable":true,"href":"https:\/\/encuentroinformativo.com.mx\/index.php?rest_route=%2Fwp%2Fv2%2Ftags&post=46546"}],"curies":[{"name":"wp","href":"https:\/\/api.w.org\/{rel}","templated":true}]}}