{"id":46556,"date":"2023-10-17T11:45:35","date_gmt":"2023-10-17T17:45:35","guid":{"rendered":"https:\/\/encuentroinformativo.com.mx\/?p=46556"},"modified":"2023-10-17T11:45:38","modified_gmt":"2023-10-17T17:45:38","slug":"mantienen-protestas-en-poder-judicial","status":"publish","type":"post","link":"https:\/\/encuentroinformativo.com.mx\/?p=46556","title":{"rendered":"Mantienen protestas en Poder Judicial"},"content":{"rendered":"\n<p><strong>Juan Arcos <\/strong><\/p>\n\n\n\n<p>Xalapa, Ver.- Por cuarto d\u00eda, los trabajadores del Poder Judicial de la Federaci\u00f3n (PJF) protestaron a nivel nacional y en la ciudad de Xalapa, donde dieron a conocer que analizan llevar a cabo acciones legales, para defender el presupuesto.<\/p>\n\n\n\n<p>Los empleados colgaron lonas rojinegras en se\u00f1al de emplazamiento a huelga y un posible paro nacional por tiempo indefinido.<\/p>\n\n\n\n<p>Las personas se han manifestado desde el pasado jueves 12 de octubre, en las sedes de la ciudad de Xalapa, ubicadas sobre las avenidas Adolfo Ruiz Cortines, \u00c1vila Camacho, Arco Sur y M\u00e1rtires 28 de Agosto, en rechazo a la posible desaparici\u00f3n de 13 de los 14 fideicomisos que mejoran sus condiciones generales de trabajo.<\/p>\n\n\n\n<p>El secretario general de la Secci\u00f3n 51 del Sindicato de Trabajadores del Poder Judicial de la Federaci\u00f3n, Jos\u00e9 Antonio Escobar Frutis, particip\u00f3 en la protesta en la sede de Arco Sur, donde declar\u00f3 que tambi\u00e9n se analiza la posibilidad de un paro nacional por tiempo indefinido.<\/p>\n\n\n\n<p>El l\u00edder sindical revel\u00f3 que el pr\u00f3ximo 24 de octubre se determinar\u00e1n qu\u00e9 acciones se realizar\u00e1n en todo el pa\u00eds para que no haya afectaciones a los salarios y prestaciones laborales.<\/p>\n\n\n\n<p>Enfatiz\u00f3 que la fracci\u00f3n parlamentaria del Movimiento de Regeneraci\u00f3n Nacional (Morena) y sus aliados en el Congreso de la Uni\u00f3n aprobaron en comisiones un recorte por 15 mil 450 millones de pesos.<\/p>\n\n\n\n<p>Adem\u00e1s, pretenden desaparecer 13 de los 14 fideicomisos existentes que benefician al personal la Suprema Corte de Justicia de la Naci\u00f3n (SCJN), el Consejo de la Judicatura y el Tribunal Electoral.<\/p>\n\n\n\n<p>Se habla de que esta situaci\u00f3n afectar\u00eda a mil 250 trabajadores en Xalapa y m\u00e1s de 2 mil 500 en todo el territorio veracruzano.<\/p>\n\n\n\n<p>Cabe recordar que el Poder Judicial de la Federaci\u00f3n tiene presencia en varios municipios de Veracruz, como Tuxpan, Poza Rica, C\u00f3rdoba, Villa Aldama y el Puerto de Veracruz.<\/p>\n","protected":false},"excerpt":{"rendered":"<p>Juan Arcos Xalapa, Ver.- Por cuarto d\u00eda, los trabajadores del Poder Judicial de la Federaci\u00f3n (PJF) protestaron a nivel nacional y en la ciudad de Xalapa, donde dieron a conocer que analizan llevar a cabo acciones legales, para defender el presupuesto. Los empleados colgaron lonas rojinegras en se\u00f1al de emplazamiento a huelga y un posible [&hellip;]<\/p>\n","protected":false},"author":2476,"featured_media":46557,"comment_status":"open","ping_status":"open","sticky":false,"template":"","format":"standard","meta":{"_jetpack_memberships_contains_paid_content":false,"footnotes":""},"categories":[3],"tags":[],"class_list":["post-46556","post","type-post","status-publish","format-standard","has-post-thumbnail","hentry","category-xalapa"],"jetpack_featured_media_url":"https:\/\/encuentroinformativo.com.mx\/wp-content\/uploads\/2023\/10\/IMG_8106.jpg","jetpack_sharing_enabled":true,"jetpack_likes_enabled":true,"amp_enabled":true,"_links":{"self":[{"href":"https:\/\/encuentroinformativo.com.mx\/index.php?rest_route=\/wp\/v2\/posts\/46556","targetHints":{"allow":["GET"]}}],"collection":[{"href":"https:\/\/encuentroinformativo.com.mx\/index.php?rest_route=\/wp\/v2\/posts"}],"about":[{"href":"https:\/\/encuentroinformativo.com.mx\/index.php?rest_route=\/wp\/v2\/types\/post"}],"author":[{"embeddable":true,"href":"https:\/\/encuentroinformativo.com.mx\/index.php?rest_route=\/wp\/v2\/users\/2476"}],"replies":[{"embeddable":true,"href":"https:\/\/encuentroinformativo.com.mx\/index.php?rest_route=%2Fwp%2Fv2%2Fcomments&post=46556"}],"version-history":[{"count":1,"href":"https:\/\/encuentroinformativo.com.mx\/index.php?rest_route=\/wp\/v2\/posts\/46556\/revisions"}],"predecessor-version":[{"id":46558,"href":"https:\/\/encuentroinformativo.com.mx\/index.php?rest_route=\/wp\/v2\/posts\/46556\/revisions\/46558"}],"wp:featuredmedia":[{"embeddable":true,"href":"https:\/\/encuentroinformativo.com.mx\/index.php?rest_route=\/wp\/v2\/media\/46557"}],"wp:attachment":[{"href":"https:\/\/encuentroinformativo.com.mx\/index.php?rest_route=%2Fwp%2Fv2%2Fmedia&parent=46556"}],"wp:term":[{"taxonomy":"category","embeddable":true,"href":"https:\/\/encuentroinformativo.com.mx\/index.php?rest_route=%2Fwp%2Fv2%2Fcategories&post=46556"},{"taxonomy":"post_tag","embeddable":true,"href":"https:\/\/encuentroinformativo.com.mx\/index.php?rest_route=%2Fwp%2Fv2%2Ftags&post=46556"}],"curies":[{"name":"wp","href":"https:\/\/api.w.org\/{rel}","templated":true}]}}