{"id":46569,"date":"2023-10-17T15:03:17","date_gmt":"2023-10-17T21:03:17","guid":{"rendered":"https:\/\/encuentroinformativo.com.mx\/?p=46569"},"modified":"2023-10-17T15:03:21","modified_gmt":"2023-10-17T21:03:21","slug":"de-agosto-a-septiembre-veracruz-redujo-la-cifra-de-homicidios-dolosos","status":"publish","type":"post","link":"https:\/\/encuentroinformativo.com.mx\/?p=46569","title":{"rendered":"De agosto a septiembre, Veracruz redujo la cifra de homicidios dolosos"},"content":{"rendered":"\n<p><strong>*<em>Pese a los hechos violentos en Poza Rica, estrategia de seguridad muestra resultados<br>En materia de secuestro, primer lugar en bandas desarticuladas y personas detenidas<\/em>.<\/strong><\/p>\n\n\n\n<p>Xalapa, Ver.- El gobernador Cuitl\u00e1huac Garc\u00eda Jim\u00e9nez present\u00f3 las cifras de homicidio doloso del pasado mes de agosto, donde Veracruz ocupa el lugar 19 con 66 casos, muy por debajo de la media nacional que es de 115, por cada 100 mil habitantes.<\/p>\n\n\n\n<p>En el Informe de Incidencia Delictiva del Fuero Com\u00fan hasta ese corte, pero en n\u00fameros absolutos, Veracruz registr\u00f3 89 hechos que lo ubicaron en decimosegundo sitio, a diferencia de entidades como Guanajuato, Chihuahua y Jalisco, administradas por partidos de oposici\u00f3n a la Cuarta Transformaci\u00f3n.<\/p>\n\n\n\n<p>El siguiente reporte mensual del Sistema Nacional de Seguridad P\u00fablica muestra a Veracruz en decimotercera posici\u00f3n con 81 casos; es decir, de agosto a septiembre decrecieron los actos violentos, pese a las ejecuciones ocurridas en Poza Rica que captaron la atenci\u00f3n de todos los medios del pa\u00eds.<\/p>\n\n\n\n<p>\u201cVamos bien y vamos disminuyendo; s\u00ed hay hechos lamentables pero el esfuerzo conjunto, de atenci\u00f3n integral, va surtiendo efecto, producto de varios factores que hemos empujado\u201d, dijo en referencia a los cambios de fondo en el Poder Judicial y la Fiscal\u00eda General del Estado (FGE).<\/p>\n\n\n\n<p>En este sentido, subray\u00f3 las m\u00e1s de 20 detenciones en torno al tema de Poza Rica, como parte del esquema Cero Impunidad y gracias al apoyo de las corporaciones que integran la Coordinaci\u00f3n Estatal para la Construcci\u00f3n de la Paz, principalmente las del Gobierno de M\u00e9xico.<\/p>\n\n\n\n<p>Asimismo, se da cumplimiento al compromiso de no rebasar los tres homicidios diarios, cuando las administraciones anteriores dejaron la cifra en ocho o m\u00e1s.<\/p>\n\n\n\n<p>Sobre el \u00edndice de secuestro, el mandatario reiter\u00f3 la disminuci\u00f3n del 88.26 por ciento entre 2019 y 2022, tras el cambio de titular en la FGE y luego de denunciar que el fiscal anterior no cumpl\u00eda su funci\u00f3n, aun teniendo a su disposici\u00f3n la Unidad Especializada en Combate al Secuestro.<\/p>\n\n\n\n<p>A fin de combatir la desinformaci\u00f3n, el director general de Informaci\u00f3n de la Coordinaci\u00f3n General de Comunicaci\u00f3n Social, Luis Alberto L\u00f3pez Casas, destac\u00f3 que Veracruz ocupa el primer lugar del pa\u00eds en desarticulaci\u00f3n de bandas dedicadas a este delito, con siete, y puesta a disposici\u00f3n de 82 presuntos delincuentes.<\/p>\n\n\n\n<p>En tanto, las carpetas de investigaci\u00f3n abiertas son 47 y las sentencias obtenidas 74, siendo la quinta y la tercera posici\u00f3n, respectivamente, seg\u00fan datos de la Coordinaci\u00f3n Nacional Antisecuestro, lo que indica resultados positivos en materia de seguridad.<\/p>\n\n\n\n<p>\u201cEs el combate que se le exig\u00eda al exfiscal y no s\u00f3lo no actuaba de manera decidida, sino que escond\u00eda las carpetas y no solicitaba a los jueces las \u00f3rdenes de aprehensi\u00f3n\u201d, agreg\u00f3 el Gobernador.<\/p>\n","protected":false},"excerpt":{"rendered":"<p>*Pese a los hechos violentos en Poza Rica, estrategia de seguridad muestra resultadosEn materia de secuestro, primer lugar en bandas desarticuladas y personas detenidas. Xalapa, Ver.- El gobernador Cuitl\u00e1huac Garc\u00eda Jim\u00e9nez present\u00f3 las cifras de homicidio doloso del pasado mes de agosto, donde Veracruz ocupa el lugar 19 con 66 casos, muy por debajo de [&hellip;]<\/p>\n","protected":false},"author":2476,"featured_media":46570,"comment_status":"open","ping_status":"open","sticky":false,"template":"","format":"standard","meta":{"_jetpack_memberships_contains_paid_content":false,"footnotes":""},"categories":[2],"tags":[],"class_list":["post-46569","post","type-post","status-publish","format-standard","has-post-thumbnail","hentry","category-estado"],"jetpack_featured_media_url":"https:\/\/encuentroinformativo.com.mx\/wp-content\/uploads\/2023\/10\/IMG-20231017-WA01022.jpg","jetpack_sharing_enabled":true,"jetpack_likes_enabled":true,"amp_enabled":true,"_links":{"self":[{"href":"https:\/\/encuentroinformativo.com.mx\/index.php?rest_route=\/wp\/v2\/posts\/46569","targetHints":{"allow":["GET"]}}],"collection":[{"href":"https:\/\/encuentroinformativo.com.mx\/index.php?rest_route=\/wp\/v2\/posts"}],"about":[{"href":"https:\/\/encuentroinformativo.com.mx\/index.php?rest_route=\/wp\/v2\/types\/post"}],"author":[{"embeddable":true,"href":"https:\/\/encuentroinformativo.com.mx\/index.php?rest_route=\/wp\/v2\/users\/2476"}],"replies":[{"embeddable":true,"href":"https:\/\/encuentroinformativo.com.mx\/index.php?rest_route=%2Fwp%2Fv2%2Fcomments&post=46569"}],"version-history":[{"count":1,"href":"https:\/\/encuentroinformativo.com.mx\/index.php?rest_route=\/wp\/v2\/posts\/46569\/revisions"}],"predecessor-version":[{"id":46571,"href":"https:\/\/encuentroinformativo.com.mx\/index.php?rest_route=\/wp\/v2\/posts\/46569\/revisions\/46571"}],"wp:featuredmedia":[{"embeddable":true,"href":"https:\/\/encuentroinformativo.com.mx\/index.php?rest_route=\/wp\/v2\/media\/46570"}],"wp:attachment":[{"href":"https:\/\/encuentroinformativo.com.mx\/index.php?rest_route=%2Fwp%2Fv2%2Fmedia&parent=46569"}],"wp:term":[{"taxonomy":"category","embeddable":true,"href":"https:\/\/encuentroinformativo.com.mx\/index.php?rest_route=%2Fwp%2Fv2%2Fcategories&post=46569"},{"taxonomy":"post_tag","embeddable":true,"href":"https:\/\/encuentroinformativo.com.mx\/index.php?rest_route=%2Fwp%2Fv2%2Ftags&post=46569"}],"curies":[{"name":"wp","href":"https:\/\/api.w.org\/{rel}","templated":true}]}}