{"id":4657,"date":"2020-08-05T14:31:04","date_gmt":"2020-08-05T19:31:04","guid":{"rendered":"https:\/\/encuentroinformativo.com\/?p=4657"},"modified":"2020-08-05T14:31:06","modified_gmt":"2020-08-05T19:31:06","slug":"reclaman-abogadas-apertura-de-juzgados-en-zona-centro","status":"publish","type":"post","link":"https:\/\/encuentroinformativo.com.mx\/?p=4657","title":{"rendered":"Reclaman abogadas apertura de juzgados en zona centro"},"content":{"rendered":"\n<p><strong>Juan Arcos <\/strong><\/p>\n\n\n\n<p>Xalapa, Ver.- Las abogadas de la zona de C\u00f3rdoba y Orizaba Elizabeth Orozco Nu\u00f1ez, Irma Cancino Romero y Benita Meca L\u00f3pez solicitaron la intervenci\u00f3n del gobernador para que se de la apertura de los juzgados ya que seg\u00fan entrar\u00edan en funciones el d\u00eda 3 y no fue as\u00ed.<\/p>\n\n\n\n<p>En conferencia de prensa realizada en conocido caf\u00e9 del centro de Xalapa, dieron a conocer que en todos los distritos del estado de Veracruz han levantado la voz del porque los juzgados de lo civil siguen en inactividad ya que les prometieron que empezaban a trabajar de forma normal a partir del 3 de agosto.<\/p>\n\n\n\n<p>Esto no fue as\u00ed ya que les mandaron otra circular donde se\u00f1alan que debido al sem\u00e1foro la actividad no se reinicia, pero es bien sabido por muchos que la impartici\u00f3n de justicia es una actividad primordial ya que est\u00e1 dentro de las actividades que no se debieron de haber suspendidos, con lo cual violentan los derechos constitucionales lo suspendieron y se disciplinaron.<\/p>\n\n\n\n<p>&#8220;Nuestra actividad, est\u00e1 considerada dentro de las actividades que no se debieron suspender, a\u00fan as\u00ed, y violentando los derechos constitucionales, se suspendi\u00f3, y todo el gremio respaldamos las medidas. El problema es que, se fue haciendo m\u00e1s evidente las restricciones&#8221;, coment\u00f3.<\/p>\n\n\n\n<p>Se\u00f1al\u00f3 que acudieron al Poder Judicial para plantear la problem\u00e1tica, donde fueron recibidos e informados del pr\u00f3ximo reinicio de actividades, pero hasta el momento, no se ha cumplido.<\/p>\n\n\n\n<p>&#8220;La magistrada nos dijo que iban a hacer todo lo posible por abrir, pero en realidad nos dio atole con dedo, nos dijo que iba a sacar una minuta y girar instrucciones&#8221;, informaron.<\/p>\n\n\n\n<p>Explic\u00f3 que despu\u00e9s de cuatro meses, ya existe una desesperaci\u00f3n por partes de los abogados y de los mismos clientes para darle continuidad a la justicia.<\/p>\n\n\n\n<p>&#8220;Queremos trabajar en \u00f3rden, con cuidado, con todo lo que nos pida el orden federal. Queremos trabajar y no s\u00f3lo por nosotros, sino por la gente que representamos. Estamos hablando de asuntos mercantiles, de pensiones alimenticias, la gente est\u00e1 sufriendo un abuso&#8221;.<\/p>\n\n\n\n<p>Reconoci\u00f3 que el ambiente laboral no ser\u00e1 igual por la pandemia COVID-19, y no tiene caso que se siga retrasando dicha reapertura.<\/p>\n\n\n\n<p>Adem\u00e1s, tambi\u00e9n solicitaron la intervenci\u00f3n del Gobernador Cuitl\u00e1huac Garc\u00eda, para que de alguna manera agilice la apertura de los juzgados. <\/p>\n\n\n\n<p><\/p>\n","protected":false},"excerpt":{"rendered":"<p>Juan Arcos Xalapa, Ver.- Las abogadas de la zona de C\u00f3rdoba y Orizaba Elizabeth Orozco Nu\u00f1ez, Irma Cancino Romero y Benita Meca L\u00f3pez solicitaron la intervenci\u00f3n del gobernador para que se de la apertura de los juzgados ya que seg\u00fan entrar\u00edan en funciones el d\u00eda 3 y no fue as\u00ed. En conferencia de prensa realizada [&hellip;]<\/p>\n","protected":false},"author":1,"featured_media":4658,"comment_status":"open","ping_status":"open","sticky":false,"template":"","format":"standard","meta":{"_jetpack_memberships_contains_paid_content":false,"footnotes":""},"categories":[2],"tags":[],"class_list":["post-4657","post","type-post","status-publish","format-standard","has-post-thumbnail","hentry","category-estado"],"jetpack_featured_media_url":"https:\/\/encuentroinformativo.com.mx\/wp-content\/uploads\/2020\/08\/4F4EA58A-480F-4DE1-B6B2-44926A413903.jpeg","jetpack_sharing_enabled":true,"jetpack_likes_enabled":true,"amp_enabled":true,"_links":{"self":[{"href":"https:\/\/encuentroinformativo.com.mx\/index.php?rest_route=\/wp\/v2\/posts\/4657","targetHints":{"allow":["GET"]}}],"collection":[{"href":"https:\/\/encuentroinformativo.com.mx\/index.php?rest_route=\/wp\/v2\/posts"}],"about":[{"href":"https:\/\/encuentroinformativo.com.mx\/index.php?rest_route=\/wp\/v2\/types\/post"}],"author":[{"embeddable":true,"href":"https:\/\/encuentroinformativo.com.mx\/index.php?rest_route=\/wp\/v2\/users\/1"}],"replies":[{"embeddable":true,"href":"https:\/\/encuentroinformativo.com.mx\/index.php?rest_route=%2Fwp%2Fv2%2Fcomments&post=4657"}],"version-history":[{"count":1,"href":"https:\/\/encuentroinformativo.com.mx\/index.php?rest_route=\/wp\/v2\/posts\/4657\/revisions"}],"predecessor-version":[{"id":4659,"href":"https:\/\/encuentroinformativo.com.mx\/index.php?rest_route=\/wp\/v2\/posts\/4657\/revisions\/4659"}],"wp:featuredmedia":[{"embeddable":true,"href":"https:\/\/encuentroinformativo.com.mx\/index.php?rest_route=\/wp\/v2\/media\/4658"}],"wp:attachment":[{"href":"https:\/\/encuentroinformativo.com.mx\/index.php?rest_route=%2Fwp%2Fv2%2Fmedia&parent=4657"}],"wp:term":[{"taxonomy":"category","embeddable":true,"href":"https:\/\/encuentroinformativo.com.mx\/index.php?rest_route=%2Fwp%2Fv2%2Fcategories&post=4657"},{"taxonomy":"post_tag","embeddable":true,"href":"https:\/\/encuentroinformativo.com.mx\/index.php?rest_route=%2Fwp%2Fv2%2Ftags&post=4657"}],"curies":[{"name":"wp","href":"https:\/\/api.w.org\/{rel}","templated":true}]}}