{"id":46575,"date":"2023-10-17T19:15:03","date_gmt":"2023-10-18T01:15:03","guid":{"rendered":"https:\/\/encuentroinformativo.com.mx\/?p=46575"},"modified":"2023-10-17T19:15:06","modified_gmt":"2023-10-18T01:15:06","slug":"asiste-ivai-a-foros-regionales-convocados-por-el-tepjf","status":"publish","type":"post","link":"https:\/\/encuentroinformativo.com.mx\/?p=46575","title":{"rendered":"Asiste IVAI a foros regionales convocados por el TEPJF"},"content":{"rendered":"\n<p>Xalapa, Ver.- David Agust\u00edn Jim\u00e9nez Rojas, Comisionado Presidente del Instituto Veracruzano de Acceso a la Informaci\u00f3n y Protecci\u00f3n de Datos Personales, estuvo presente en el evento denominado, \u201cForos Regionales Acciones Afirmativas\u201d, con el tema \u201cPersonas Ind\u00edgenas y con Discapacidad\u201d.<\/p>\n\n\n\n<p>Convocado por el Tribunal Electoral del Poder Judicial de la Federaci\u00f3n, a trav\u00e9s de la Escuela Judicial Electoral y la Sala Regional de Xalapa (SRX), mismo que se llev\u00f3 a cabo en el Sal\u00f3n de Plenos del Tribunal Electoral de Veracruz, con sede en la Ciudad de Xalapa, este foro tuvo como objetivo generar un espacio de di\u00e1logo entre las y los actores de sentencias emblem\u00e1ticas de las Salas Regionales que integran el Tribunal Electoral del Poder Judicial de la Federaci\u00f3n, respecto a las acciones afirmativas, esto con la finalidad de tener un panorama de los retos y \u00e1reas de oportunidades en esta materia.<\/p>\n\n\n\n<p>En estos foros participaron: la doctora Eva Barrientos Zepeda, magistrada presidenta de la SRX; el doctor Enrique Figueroa \u00c1vila, magistrado integrante de la SRX; el licenciado Jos\u00e9 Antonio Troncoso \u00c1vila, magistrado en funciones de la SRX; la doctora Tania Celina V\u00e1squez Mu\u00f1oz, magistrada presidenta del TEV.<\/p>\n\n\n\n<p>As\u00ed como la doctora Marisol Alicia Delgadillo Morales, consejera presidenta OPLE Veracruz; la maestra Teresa de Jes\u00fas Alfonso Medina, consejera del IEPC Chiapas; la licenciada Gloria Alcocer Olmos, directora ejecutiva de OFC, AC; el licenciado Nicol\u00e1s G\u00f3mez Cruz, especialista en materia ind\u00edgena, y la maestra Gabriela Alejandra Ramos Andreani, secretaria de estudio y cuenta SRX.<\/p>\n","protected":false},"excerpt":{"rendered":"<p>Xalapa, Ver.- David Agust\u00edn Jim\u00e9nez Rojas, Comisionado Presidente del Instituto Veracruzano de Acceso a la Informaci\u00f3n y Protecci\u00f3n de Datos Personales, estuvo presente en el evento denominado, \u201cForos Regionales Acciones Afirmativas\u201d, con el tema \u201cPersonas Ind\u00edgenas y con Discapacidad\u201d. Convocado por el Tribunal Electoral del Poder Judicial de la Federaci\u00f3n, a trav\u00e9s de la Escuela [&hellip;]<\/p>\n","protected":false},"author":2476,"featured_media":46576,"comment_status":"open","ping_status":"open","sticky":false,"template":"","format":"standard","meta":{"_jetpack_memberships_contains_paid_content":false,"footnotes":""},"categories":[2],"tags":[],"class_list":["post-46575","post","type-post","status-publish","format-standard","has-post-thumbnail","hentry","category-estado"],"jetpack_featured_media_url":"https:\/\/encuentroinformativo.com.mx\/wp-content\/uploads\/2023\/10\/IMG-20231017-WA0116.jpg","jetpack_sharing_enabled":true,"jetpack_likes_enabled":true,"amp_enabled":true,"_links":{"self":[{"href":"https:\/\/encuentroinformativo.com.mx\/index.php?rest_route=\/wp\/v2\/posts\/46575","targetHints":{"allow":["GET"]}}],"collection":[{"href":"https:\/\/encuentroinformativo.com.mx\/index.php?rest_route=\/wp\/v2\/posts"}],"about":[{"href":"https:\/\/encuentroinformativo.com.mx\/index.php?rest_route=\/wp\/v2\/types\/post"}],"author":[{"embeddable":true,"href":"https:\/\/encuentroinformativo.com.mx\/index.php?rest_route=\/wp\/v2\/users\/2476"}],"replies":[{"embeddable":true,"href":"https:\/\/encuentroinformativo.com.mx\/index.php?rest_route=%2Fwp%2Fv2%2Fcomments&post=46575"}],"version-history":[{"count":1,"href":"https:\/\/encuentroinformativo.com.mx\/index.php?rest_route=\/wp\/v2\/posts\/46575\/revisions"}],"predecessor-version":[{"id":46577,"href":"https:\/\/encuentroinformativo.com.mx\/index.php?rest_route=\/wp\/v2\/posts\/46575\/revisions\/46577"}],"wp:featuredmedia":[{"embeddable":true,"href":"https:\/\/encuentroinformativo.com.mx\/index.php?rest_route=\/wp\/v2\/media\/46576"}],"wp:attachment":[{"href":"https:\/\/encuentroinformativo.com.mx\/index.php?rest_route=%2Fwp%2Fv2%2Fmedia&parent=46575"}],"wp:term":[{"taxonomy":"category","embeddable":true,"href":"https:\/\/encuentroinformativo.com.mx\/index.php?rest_route=%2Fwp%2Fv2%2Fcategories&post=46575"},{"taxonomy":"post_tag","embeddable":true,"href":"https:\/\/encuentroinformativo.com.mx\/index.php?rest_route=%2Fwp%2Fv2%2Ftags&post=46575"}],"curies":[{"name":"wp","href":"https:\/\/api.w.org\/{rel}","templated":true}]}}