{"id":46580,"date":"2023-10-18T10:26:24","date_gmt":"2023-10-18T16:26:24","guid":{"rendered":"https:\/\/encuentroinformativo.com.mx\/?p=46580"},"modified":"2023-10-18T10:26:27","modified_gmt":"2023-10-18T16:26:27","slug":"defiende-exdelegado-de-la-sct-candidatura-de-nahle","status":"publish","type":"post","link":"https:\/\/encuentroinformativo.com.mx\/?p=46580","title":{"rendered":"Defiende exdelegado de la SCT, candidatura de Nahle"},"content":{"rendered":"\n<p><strong>Alejandro \u00c1vila<\/strong><\/p>\n\n\n\n<p>Veracruz, Veracruz.- En el marco del D\u00eda del Caminero, el ingeniero Ram\u00f3n \u00c1lvarez Font\u00e1n, ex Delegado de la Secretar\u00eda de Comunicaciones y Transportes (SCT), asegur\u00f3 que el empresariado veracruzano tendr\u00e1 tranquilidad ante la posible llegada de Roc\u00edo Nahle como coordinadora Estatal de los Comit\u00e9s de Defensa de la Cuarta Transformaci\u00f3n.&nbsp;<\/p>\n\n\n\n<p>El tambi\u00e9n empresario consider\u00f3 como positivo la variedad de perfiles que se encuentran participando en el proceso para seleccionar al representante estatal por la defensa de la Cuarta Transformaci\u00f3n.&nbsp;<\/p>\n\n\n\n<p>\u201cHoy hablando sobre Veracruz, tenemos perfiles diferentes, trabajando en diferentes trincheras para el bien de Veracruz&#8221;, dijo.<\/p>\n\n\n\n<p>Agreg\u00f3 que la participaci\u00f3n de tres mujeres aporta un valor a la discusi\u00f3n pol\u00edtica. Entre ellas destaca la ingeniera Roc\u00edo Nahle \u201cque encabez\u00f3 una de las encomiendas m\u00e1s importantes de este sexenio que fue la construcci\u00f3n de la refiner\u00eda en Dos Bocas\u201d.<\/p>\n\n\n\n<p>\u201cLa figura de Roc\u00edo Nahle nos inspira una confianza en el tema empresarial; ella construy\u00f3 una refiner\u00eda (\u2026) La relaci\u00f3n con los empresarios que ella tuvo que tener para construir esta obra fue amplia. Los empresarios podemos estar tranquilos\u201d, declar\u00f3.<\/p>\n\n\n\n<p>Este 17 de octubre el ingeniero \u00c1lvarez Font\u00e1n celebr\u00f3 el d\u00eda del Caminero, un d\u00eda dedicado a los que se dedican a la construcci\u00f3n de Caminos y Puentes en M\u00e9xico.&nbsp;<\/p>\n\n\n\n<p>\u201cHace un a\u00f1o tuve la oportunidad de estar en La Ma\u00f1anera con el Presidente para entregar 4 magnas obras para el desarrollo del pa\u00eds. En mi caso, como titular el Centro SCT de Veracruz entregu\u00e9 una obra en Jaltipan, Veracruz, de 3.6 kil\u00f3metros. Nosotros en ese momento comandamos la entrega\u201d, concluy\u00f3.<\/p>\n","protected":false},"excerpt":{"rendered":"<p>Alejandro \u00c1vila Veracruz, Veracruz.- En el marco del D\u00eda del Caminero, el ingeniero Ram\u00f3n \u00c1lvarez Font\u00e1n, ex Delegado de la Secretar\u00eda de Comunicaciones y Transportes (SCT), asegur\u00f3 que el empresariado veracruzano tendr\u00e1 tranquilidad ante la posible llegada de Roc\u00edo Nahle como coordinadora Estatal de los Comit\u00e9s de Defensa de la Cuarta Transformaci\u00f3n.&nbsp; El tambi\u00e9n empresario [&hellip;]<\/p>\n","protected":false},"author":2476,"featured_media":46581,"comment_status":"open","ping_status":"open","sticky":false,"template":"","format":"standard","meta":{"_jetpack_memberships_contains_paid_content":false,"footnotes":""},"categories":[2],"tags":[],"class_list":["post-46580","post","type-post","status-publish","format-standard","has-post-thumbnail","hentry","category-estado"],"jetpack_featured_media_url":"https:\/\/encuentroinformativo.com.mx\/wp-content\/uploads\/2023\/10\/IMG-20231018-WA00052.jpg","jetpack_sharing_enabled":true,"jetpack_likes_enabled":true,"amp_enabled":true,"_links":{"self":[{"href":"https:\/\/encuentroinformativo.com.mx\/index.php?rest_route=\/wp\/v2\/posts\/46580","targetHints":{"allow":["GET"]}}],"collection":[{"href":"https:\/\/encuentroinformativo.com.mx\/index.php?rest_route=\/wp\/v2\/posts"}],"about":[{"href":"https:\/\/encuentroinformativo.com.mx\/index.php?rest_route=\/wp\/v2\/types\/post"}],"author":[{"embeddable":true,"href":"https:\/\/encuentroinformativo.com.mx\/index.php?rest_route=\/wp\/v2\/users\/2476"}],"replies":[{"embeddable":true,"href":"https:\/\/encuentroinformativo.com.mx\/index.php?rest_route=%2Fwp%2Fv2%2Fcomments&post=46580"}],"version-history":[{"count":1,"href":"https:\/\/encuentroinformativo.com.mx\/index.php?rest_route=\/wp\/v2\/posts\/46580\/revisions"}],"predecessor-version":[{"id":46582,"href":"https:\/\/encuentroinformativo.com.mx\/index.php?rest_route=\/wp\/v2\/posts\/46580\/revisions\/46582"}],"wp:featuredmedia":[{"embeddable":true,"href":"https:\/\/encuentroinformativo.com.mx\/index.php?rest_route=\/wp\/v2\/media\/46581"}],"wp:attachment":[{"href":"https:\/\/encuentroinformativo.com.mx\/index.php?rest_route=%2Fwp%2Fv2%2Fmedia&parent=46580"}],"wp:term":[{"taxonomy":"category","embeddable":true,"href":"https:\/\/encuentroinformativo.com.mx\/index.php?rest_route=%2Fwp%2Fv2%2Fcategories&post=46580"},{"taxonomy":"post_tag","embeddable":true,"href":"https:\/\/encuentroinformativo.com.mx\/index.php?rest_route=%2Fwp%2Fv2%2Ftags&post=46580"}],"curies":[{"name":"wp","href":"https:\/\/api.w.org\/{rel}","templated":true}]}}