{"id":46593,"date":"2023-10-18T13:45:34","date_gmt":"2023-10-18T19:45:34","guid":{"rendered":"https:\/\/encuentroinformativo.com.mx\/?p=46593"},"modified":"2023-10-18T13:45:39","modified_gmt":"2023-10-18T19:45:39","slug":"poder-judicial-en-veracruz-se-suma-a-paro-nacional","status":"publish","type":"post","link":"https:\/\/encuentroinformativo.com.mx\/?p=46593","title":{"rendered":"Poder Judicial en Veracruz se suma a paro nacional"},"content":{"rendered":"\n<p><strong>Juan Arcos <\/strong><\/p>\n\n\n\n<p>Xalapa, Ver.- Personal del Poder Judicial de la Federaci\u00f3n se sum\u00f3 al paro nacional en la ciudad de Xalapa, en rechazo a la desaparici\u00f3n de los fideicomisos que fortalecen la impartici\u00f3n de justicia a nivel nacional.<\/p>\n\n\n\n<p>Cientos de trabajadores protestaron afuera de sus oficinas sobre el bulevar Rafael Gu\u00edzar y Valencia, mejor conocido como Arco Sur, donde bloquearon varios carriles, dejando solo uno libre en ambos sentidos.<\/p>\n\n\n\n<p>Al grito de \u201c\u00a1no son privilegios, son nuestros derechos!\u201d y \u201c\u00a1de los tres poderes este no se vende\u201d sostuvieron lonas rojinegras como se\u00f1al de huelga, pues se oponen a la eliminaci\u00f3n de 13 de los 14 fideicomisos que mejoran sus condiciones generales de trabajo.<\/p>\n\n\n\n<p>Esto lo llevaron a cabo luego de que la noche del martes la C\u00e1mara de Diputados aprobara en lo particular la desaparici\u00f3n los fideicomisos que tiene esta instituci\u00f3n y que suman m\u00e1s de 15 mil 974 millones de pesos.<\/p>\n\n\n\n<p>El secretario general de la Secci\u00f3n 51 del Sindicato de Trabajadores del Poder Judicial de la Federaci\u00f3n, Jos\u00e9 Antonio Escobar Frutis, revel\u00f3 que se trata de un paro de labores durante este mi\u00e9rcoles 18 de octubre.<\/p>\n\n\n\n<p>El entrevistado indic\u00f3 que se est\u00e1n emprendiendo las acciones legales para frenar este atentado contra la impartici\u00f3n de justicia en M\u00e9xico.<br>Los trabajadores protestaron nuevamente contra las nuevas disposiciones que afectan sus salarios, sobre todo prestaciones laborales logradas mediante luchas sindicales.<\/p>\n\n\n\n<p>\u201cSomos tres poderes y \u00e9ste te defiende, \u201cM\u00e9xico, escucha, esta es tu lucha\u201d y \u201c AMLO, entiende, el Poder Judicial no se vende\u201d, corearon mientras se manifestaban afuera del edificio del Poder Judicial de la Federaci\u00f3n, ubicado sobre Arco Sur.<\/p>\n\n\n\n<p>Los quejosos tambi\u00e9n sostuvieron pancartas donde se le\u00eda que habr\u00e1 voto de castigo en la jornada electoral del 2 de junio de 2024.<\/p>\n\n\n\n<figure class=\"wp-block-image size-large\"><img loading=\"lazy\" decoding=\"async\" width=\"1024\" height=\"768\" src=\"https:\/\/encuentroinformativo.com.mx\/wp-content\/uploads\/2023\/10\/IMG_8210-1024x768.jpg\" alt=\"\" class=\"wp-image-46595\" srcset=\"https:\/\/encuentroinformativo.com.mx\/wp-content\/uploads\/2023\/10\/IMG_8210-1024x768.jpg 1024w, https:\/\/encuentroinformativo.com.mx\/wp-content\/uploads\/2023\/10\/IMG_8210-300x225.jpg 300w, https:\/\/encuentroinformativo.com.mx\/wp-content\/uploads\/2023\/10\/IMG_8210-768x576.jpg 768w, https:\/\/encuentroinformativo.com.mx\/wp-content\/uploads\/2023\/10\/IMG_8210-1536x1152.jpg 1536w, https:\/\/encuentroinformativo.com.mx\/wp-content\/uploads\/2023\/10\/IMG_8210.jpg 2016w\" sizes=\"auto, (max-width: 1024px) 100vw, 1024px\" \/><\/figure>\n","protected":false},"excerpt":{"rendered":"<p>Juan Arcos Xalapa, Ver.- Personal del Poder Judicial de la Federaci\u00f3n se sum\u00f3 al paro nacional en la ciudad de Xalapa, en rechazo a la desaparici\u00f3n de los fideicomisos que fortalecen la impartici\u00f3n de justicia a nivel nacional. Cientos de trabajadores protestaron afuera de sus oficinas sobre el bulevar Rafael Gu\u00edzar y Valencia, mejor conocido [&hellip;]<\/p>\n","protected":false},"author":2476,"featured_media":46594,"comment_status":"open","ping_status":"open","sticky":false,"template":"","format":"standard","meta":{"_jetpack_memberships_contains_paid_content":false,"footnotes":""},"categories":[2],"tags":[],"class_list":["post-46593","post","type-post","status-publish","format-standard","has-post-thumbnail","hentry","category-estado"],"jetpack_featured_media_url":"https:\/\/encuentroinformativo.com.mx\/wp-content\/uploads\/2023\/10\/IMG_8213.jpg","jetpack_sharing_enabled":true,"jetpack_likes_enabled":true,"amp_enabled":true,"_links":{"self":[{"href":"https:\/\/encuentroinformativo.com.mx\/index.php?rest_route=\/wp\/v2\/posts\/46593","targetHints":{"allow":["GET"]}}],"collection":[{"href":"https:\/\/encuentroinformativo.com.mx\/index.php?rest_route=\/wp\/v2\/posts"}],"about":[{"href":"https:\/\/encuentroinformativo.com.mx\/index.php?rest_route=\/wp\/v2\/types\/post"}],"author":[{"embeddable":true,"href":"https:\/\/encuentroinformativo.com.mx\/index.php?rest_route=\/wp\/v2\/users\/2476"}],"replies":[{"embeddable":true,"href":"https:\/\/encuentroinformativo.com.mx\/index.php?rest_route=%2Fwp%2Fv2%2Fcomments&post=46593"}],"version-history":[{"count":1,"href":"https:\/\/encuentroinformativo.com.mx\/index.php?rest_route=\/wp\/v2\/posts\/46593\/revisions"}],"predecessor-version":[{"id":46596,"href":"https:\/\/encuentroinformativo.com.mx\/index.php?rest_route=\/wp\/v2\/posts\/46593\/revisions\/46596"}],"wp:featuredmedia":[{"embeddable":true,"href":"https:\/\/encuentroinformativo.com.mx\/index.php?rest_route=\/wp\/v2\/media\/46594"}],"wp:attachment":[{"href":"https:\/\/encuentroinformativo.com.mx\/index.php?rest_route=%2Fwp%2Fv2%2Fmedia&parent=46593"}],"wp:term":[{"taxonomy":"category","embeddable":true,"href":"https:\/\/encuentroinformativo.com.mx\/index.php?rest_route=%2Fwp%2Fv2%2Fcategories&post=46593"},{"taxonomy":"post_tag","embeddable":true,"href":"https:\/\/encuentroinformativo.com.mx\/index.php?rest_route=%2Fwp%2Fv2%2Ftags&post=46593"}],"curies":[{"name":"wp","href":"https:\/\/api.w.org\/{rel}","templated":true}]}}