{"id":46606,"date":"2023-10-18T16:32:00","date_gmt":"2023-10-18T22:32:00","guid":{"rendered":"https:\/\/encuentroinformativo.com.mx\/?p=46606"},"modified":"2023-10-18T16:32:04","modified_gmt":"2023-10-18T22:32:04","slug":"se-registran-primeras-heladas-de-la-temporada-en-las-vigas","status":"publish","type":"post","link":"https:\/\/encuentroinformativo.com.mx\/?p=46606","title":{"rendered":"Se registran primeras heladas de la temporada en Las Vigas"},"content":{"rendered":"\n<p><strong>Juan Arcos <\/strong><\/p>\n\n\n\n<p>Xalapa, Ver.- Este mi\u00e9rcoles 18 de octubre se registraron las primeras heladas de la temporada de frentes fr\u00edos en la zona de monta\u00f1a del estado de Veracruz, que inici\u00f3 el pasado 16 de septiembre.<\/p>\n\n\n\n<p>La jefa del Departamento de Hidrometeorolog\u00eda del Organismo Cuenca Golfo-Centro de la Comisi\u00f3n Nacional del Agua (Conagua), Jessica Iveth Luna Lagunes, inform\u00f3 que las heladas se registraron en el municipio de Las Vigas de Ram\u00edrez, as\u00ed como tambi\u00e9n, en Chignahuapan, estado de Puebla.<\/p>\n\n\n\n<p>El municipio de Las Vigas de Ram\u00edrez se localiza a 34.8 kil\u00f3metros de distancia de la ciudad de Xalapa, a unos 47 minutos en veh\u00edculo.<\/p>\n\n\n\n<p>La meteor\u00f3loga mencion\u00f3 que esos lugares amanecieron con temperaturas de -1\u00baC y 0\u00baC, respectivamente. Adem\u00e1s, en La Joya, municipio de Acajete se reportaron 2\u00baC.<\/p>\n\n\n\n<p>Mientras que en Xalapa se registr\u00f3 una temperatura promedio de 10\u00baC. Adem\u00e1s, en el fraccionamiento Briones de Coatepec fue de 8.8\u00baC.<\/p>\n\n\n\n<p>En la zona conurbada Veracruz-Boca del R\u00edo fue de 19.9\u00baC. Se prev\u00e9 que las temperaturas comiencen a incrementarse durante el d\u00eda.<\/p>\n\n\n\n<p>\u201cEl d\u00eda de hoy se registraron temperaturas bajas, se podr\u00eda decir que hasta el momento son las m\u00e1s bajas de la temporada de los frentes fr\u00edos, la cual inici\u00f3 el pasado 16 de septiembre. Este es el frente fr\u00edo n\u00famero 6 pero es que el gener\u00f3 temperaturas m\u00e1s bajas\u201d, expres\u00f3 la especialista.<\/p>\n\n\n\n<p>La meteor\u00f3loga de la Conagua indic\u00f3 que continuar\u00e1n las bajas temperaturas en la entidad durante las noches y madrugadas, sobre todo en las zonas serranas.<\/p>\n\n\n\n<p>\u201cEn las noches y madrugadas a\u00fan esperamos un ambiente fr\u00edo especialmente sobre zonas serranas. La recomendaci\u00f3n a la poblaci\u00f3n es mantenerse abrigada en la noche y madrugada y seguir muy atentos al pron\u00f3stico meteorol\u00f3gico durante esta temporada de frentes fr\u00edos, sin descartar todav\u00eda m\u00e1s temporada de ciclones tropicales, la cual concluye el 30 de noviembre\u201d, enfatiz\u00f3.<\/p>\n\n\n\n<p>Cabe recordar que el Servicio Meteorol\u00f3gico Nacional (SMN) inform\u00f3 que habr\u00e1 56 frentes fr\u00edos en la temporada. En 2023, se esperan 21 sistemas frontales y para 2024 un promedio de 35. Diciembre, enero y febrero son los meses considerados m\u00e1s fr\u00edos.<\/p>\n\n\n\n<figure class=\"wp-block-image size-large\"><img loading=\"lazy\" decoding=\"async\" width=\"1024\" height=\"768\" src=\"https:\/\/encuentroinformativo.com.mx\/wp-content\/uploads\/2023\/10\/IMG_82752-1024x768.jpg\" alt=\"\" class=\"wp-image-46608\" srcset=\"https:\/\/encuentroinformativo.com.mx\/wp-content\/uploads\/2023\/10\/IMG_82752-1024x768.jpg 1024w, https:\/\/encuentroinformativo.com.mx\/wp-content\/uploads\/2023\/10\/IMG_82752-300x225.jpg 300w, https:\/\/encuentroinformativo.com.mx\/wp-content\/uploads\/2023\/10\/IMG_82752-768x576.jpg 768w, https:\/\/encuentroinformativo.com.mx\/wp-content\/uploads\/2023\/10\/IMG_82752.jpg 1280w\" sizes=\"auto, (max-width: 1024px) 100vw, 1024px\" \/><\/figure>\n","protected":false},"excerpt":{"rendered":"<p>Juan Arcos Xalapa, Ver.- Este mi\u00e9rcoles 18 de octubre se registraron las primeras heladas de la temporada de frentes fr\u00edos en la zona de monta\u00f1a del estado de Veracruz, que inici\u00f3 el pasado 16 de septiembre. La jefa del Departamento de Hidrometeorolog\u00eda del Organismo Cuenca Golfo-Centro de la Comisi\u00f3n Nacional del Agua (Conagua), Jessica Iveth [&hellip;]<\/p>\n","protected":false},"author":2476,"featured_media":46607,"comment_status":"open","ping_status":"open","sticky":false,"template":"","format":"standard","meta":{"_jetpack_memberships_contains_paid_content":false,"footnotes":""},"categories":[8],"tags":[],"class_list":["post-46606","post","type-post","status-publish","format-standard","has-post-thumbnail","hentry","category-region"],"jetpack_featured_media_url":"https:\/\/encuentroinformativo.com.mx\/wp-content\/uploads\/2023\/10\/IMG_82742.jpg","jetpack_sharing_enabled":true,"jetpack_likes_enabled":true,"amp_enabled":true,"_links":{"self":[{"href":"https:\/\/encuentroinformativo.com.mx\/index.php?rest_route=\/wp\/v2\/posts\/46606","targetHints":{"allow":["GET"]}}],"collection":[{"href":"https:\/\/encuentroinformativo.com.mx\/index.php?rest_route=\/wp\/v2\/posts"}],"about":[{"href":"https:\/\/encuentroinformativo.com.mx\/index.php?rest_route=\/wp\/v2\/types\/post"}],"author":[{"embeddable":true,"href":"https:\/\/encuentroinformativo.com.mx\/index.php?rest_route=\/wp\/v2\/users\/2476"}],"replies":[{"embeddable":true,"href":"https:\/\/encuentroinformativo.com.mx\/index.php?rest_route=%2Fwp%2Fv2%2Fcomments&post=46606"}],"version-history":[{"count":1,"href":"https:\/\/encuentroinformativo.com.mx\/index.php?rest_route=\/wp\/v2\/posts\/46606\/revisions"}],"predecessor-version":[{"id":46609,"href":"https:\/\/encuentroinformativo.com.mx\/index.php?rest_route=\/wp\/v2\/posts\/46606\/revisions\/46609"}],"wp:featuredmedia":[{"embeddable":true,"href":"https:\/\/encuentroinformativo.com.mx\/index.php?rest_route=\/wp\/v2\/media\/46607"}],"wp:attachment":[{"href":"https:\/\/encuentroinformativo.com.mx\/index.php?rest_route=%2Fwp%2Fv2%2Fmedia&parent=46606"}],"wp:term":[{"taxonomy":"category","embeddable":true,"href":"https:\/\/encuentroinformativo.com.mx\/index.php?rest_route=%2Fwp%2Fv2%2Fcategories&post=46606"},{"taxonomy":"post_tag","embeddable":true,"href":"https:\/\/encuentroinformativo.com.mx\/index.php?rest_route=%2Fwp%2Fv2%2Ftags&post=46606"}],"curies":[{"name":"wp","href":"https:\/\/api.w.org\/{rel}","templated":true}]}}