{"id":46610,"date":"2023-10-18T18:43:29","date_gmt":"2023-10-19T00:43:29","guid":{"rendered":"https:\/\/encuentroinformativo.com.mx\/?p=46610"},"modified":"2023-10-18T18:43:33","modified_gmt":"2023-10-19T00:43:33","slug":"adolfo-ramirez-y-lorena-pinon-asumen-dirigencia-del-pri-en-veracruz","status":"publish","type":"post","link":"https:\/\/encuentroinformativo.com.mx\/?p=46610","title":{"rendered":"Adolfo Ram\u00edrez y Lorena Pi\u00f1\u00f3n,  asumen dirigencia del PRI en Veracruz"},"content":{"rendered":"\n<p><strong>*Reciben su nombramiento de manos de Alejandro Moreno C\u00e1rdenas, presidente nacional del partido, en presencia de Pedro Guti\u00e9rrez Guti\u00e9rrez, delegado del CEN en el estado.<\/strong><\/p>\n\n\n\n<p>Ciudad de M\u00e9xico.- Adolfo Ram\u00edrez Arana y Lorena Pi\u00f1\u00f3n Rivera, asumen la presidencia y secretar\u00eda general del Comit\u00e9 Directivo Estatal (CDE) del PRI en Veracruz; recibieron su nombramiento de manos de Alejandro Moreno C\u00e1rdenas, presidente nacional del PRI.<\/p>\n\n\n\n<p>Con la presencia de Pedro Guti\u00e9rrez Guti\u00e9rrez, delegado del CEN del PRI en Veracruz, ambos veracruzanos expresaron su agradecimiento por la confianza para esta encomienda para dirigir los destinos del partido en la entidad veracruzana.<\/p>\n\n\n\n<p>Adolfo Ram\u00edrez Arana, recientemente fue Secretario General de la CNOP en Veracruz, es Consejero Pol\u00edtico Nacional del PRI, y fue Dirigente del Frente Juvenil Revolucionario, asimismo, fue Diputado Local, y Presidente Municipal de Paso de Ovejas.<\/p>\n\n\n\n<p>Lorena Pi\u00f1\u00f3n Rivera, es actualmente Diputada Federal, fue Delegada de la Secretar\u00eda de Relaciones Exteriores, fue Directora del Instituto de la Juventud Veracruzana (INJUVER), y ha ocupado diversos cargos partidistas; es Consejera Pol\u00edtica Nacional del PRI, fue coordinadora de Programas Sociales en campa\u00f1a del Candidato a la Gubernatura de Campeche, fue secretaria de Gesti\u00f3n Social del CEN del PRI, as\u00ed como Comisionada Nacional de Procesos Internos del PRI.<\/p>\n","protected":false},"excerpt":{"rendered":"<p>*Reciben su nombramiento de manos de Alejandro Moreno C\u00e1rdenas, presidente nacional del partido, en presencia de Pedro Guti\u00e9rrez Guti\u00e9rrez, delegado del CEN en el estado. Ciudad de M\u00e9xico.- Adolfo Ram\u00edrez Arana y Lorena Pi\u00f1\u00f3n Rivera, asumen la presidencia y secretar\u00eda general del Comit\u00e9 Directivo Estatal (CDE) del PRI en Veracruz; recibieron su nombramiento de manos [&hellip;]<\/p>\n","protected":false},"author":2476,"featured_media":46611,"comment_status":"open","ping_status":"open","sticky":false,"template":"","format":"standard","meta":{"_jetpack_memberships_contains_paid_content":false,"footnotes":""},"categories":[2],"tags":[],"class_list":["post-46610","post","type-post","status-publish","format-standard","has-post-thumbnail","hentry","category-estado"],"jetpack_featured_media_url":"https:\/\/encuentroinformativo.com.mx\/wp-content\/uploads\/2023\/10\/IMG-20231018-WA00622.jpg","jetpack_sharing_enabled":true,"jetpack_likes_enabled":true,"amp_enabled":true,"_links":{"self":[{"href":"https:\/\/encuentroinformativo.com.mx\/index.php?rest_route=\/wp\/v2\/posts\/46610","targetHints":{"allow":["GET"]}}],"collection":[{"href":"https:\/\/encuentroinformativo.com.mx\/index.php?rest_route=\/wp\/v2\/posts"}],"about":[{"href":"https:\/\/encuentroinformativo.com.mx\/index.php?rest_route=\/wp\/v2\/types\/post"}],"author":[{"embeddable":true,"href":"https:\/\/encuentroinformativo.com.mx\/index.php?rest_route=\/wp\/v2\/users\/2476"}],"replies":[{"embeddable":true,"href":"https:\/\/encuentroinformativo.com.mx\/index.php?rest_route=%2Fwp%2Fv2%2Fcomments&post=46610"}],"version-history":[{"count":1,"href":"https:\/\/encuentroinformativo.com.mx\/index.php?rest_route=\/wp\/v2\/posts\/46610\/revisions"}],"predecessor-version":[{"id":46612,"href":"https:\/\/encuentroinformativo.com.mx\/index.php?rest_route=\/wp\/v2\/posts\/46610\/revisions\/46612"}],"wp:featuredmedia":[{"embeddable":true,"href":"https:\/\/encuentroinformativo.com.mx\/index.php?rest_route=\/wp\/v2\/media\/46611"}],"wp:attachment":[{"href":"https:\/\/encuentroinformativo.com.mx\/index.php?rest_route=%2Fwp%2Fv2%2Fmedia&parent=46610"}],"wp:term":[{"taxonomy":"category","embeddable":true,"href":"https:\/\/encuentroinformativo.com.mx\/index.php?rest_route=%2Fwp%2Fv2%2Fcategories&post=46610"},{"taxonomy":"post_tag","embeddable":true,"href":"https:\/\/encuentroinformativo.com.mx\/index.php?rest_route=%2Fwp%2Fv2%2Ftags&post=46610"}],"curies":[{"name":"wp","href":"https:\/\/api.w.org\/{rel}","templated":true}]}}