{"id":46613,"date":"2023-10-18T18:50:30","date_gmt":"2023-10-19T00:50:30","guid":{"rendered":"https:\/\/encuentroinformativo.com.mx\/?p=46613"},"modified":"2023-10-18T18:50:35","modified_gmt":"2023-10-19T00:50:35","slug":"la-imposicion-fracturara-al-pri-fernando-kuri","status":"publish","type":"post","link":"https:\/\/encuentroinformativo.com.mx\/?p=46613","title":{"rendered":"La imposici\u00f3n fracturar\u00e1 al PRI: Fernando Kuri"},"content":{"rendered":"\n<p><strong>Alejandro \u00c1vila<\/strong><\/p>\n\n\n\n<p>Veracruz, Ver.- La imposici\u00f3n que se ejecut\u00f3 en el PRI Veracruz, en una clara decisi\u00f3n unilateral, solo acarrear\u00e1 una fractura al interior del PRI Veracruz, declar\u00f3 a trav\u00e9s de sus redes sociales, Fernando Kuri Kuri, aspirante a la dirigencia estatal.<\/p>\n\n\n\n<p>Kuri Kuri calific\u00f3 esta acci\u00f3n como un acto de autoritarismo que fractura al priismo veracruzano. Asimismo, lament\u00f3 enterarse de esta determinaci\u00f3n por medios digitales, lo cual consider\u00f3 una falta de respeto hacia la militancia priista.<\/p>\n\n\n\n<p>Ante este panorama, el pol\u00edtico anunci\u00f3 su postura de entrar en un periodo de reflexi\u00f3n sobre su participaci\u00f3n en las tareas partidistas. Sin embargo, antes de tomar cualquier decisi\u00f3n, expres\u00f3 su profundo agradecimiento a todos sus amigos, cuadros, dirigentes y representantes populares del partido que mostraron su apoyo p\u00fablico hacia su persona como l\u00edder del priismo veracruzano.<\/p>\n\n\n\n<p>Kuri Kuri enfatiz\u00f3 que aquellos que lo respaldaron siempre contar\u00e1n con su apoyo y respaldo personal en sus proyectos, desde cualquier trinchera en la que se encuentre.<\/p>\n\n\n\n<p>La imposici\u00f3n y falta de consenso en la elecci\u00f3n de la dirigencia estatal del PRI en Veracruz ha generado un clima de descontento y divisi\u00f3n dentro del partido. La postura de Fernando Kuri Kuri refleja la preocupaci\u00f3n por la falta de democracia interna y la necesidad de fortalecer la unidad y participaci\u00f3n de la militancia priista en el estado.<\/p>\n","protected":false},"excerpt":{"rendered":"<p>Alejandro \u00c1vila Veracruz, Ver.- La imposici\u00f3n que se ejecut\u00f3 en el PRI Veracruz, en una clara decisi\u00f3n unilateral, solo acarrear\u00e1 una fractura al interior del PRI Veracruz, declar\u00f3 a trav\u00e9s de sus redes sociales, Fernando Kuri Kuri, aspirante a la dirigencia estatal. Kuri Kuri calific\u00f3 esta acci\u00f3n como un acto de autoritarismo que fractura al [&hellip;]<\/p>\n","protected":false},"author":2476,"featured_media":46614,"comment_status":"open","ping_status":"open","sticky":false,"template":"","format":"standard","meta":{"_jetpack_memberships_contains_paid_content":false,"footnotes":""},"categories":[2],"tags":[],"class_list":["post-46613","post","type-post","status-publish","format-standard","has-post-thumbnail","hentry","category-estado"],"jetpack_featured_media_url":"https:\/\/encuentroinformativo.com.mx\/wp-content\/uploads\/2023\/10\/IMG-20231018-WA0067.jpg","jetpack_sharing_enabled":true,"jetpack_likes_enabled":true,"amp_enabled":true,"_links":{"self":[{"href":"https:\/\/encuentroinformativo.com.mx\/index.php?rest_route=\/wp\/v2\/posts\/46613","targetHints":{"allow":["GET"]}}],"collection":[{"href":"https:\/\/encuentroinformativo.com.mx\/index.php?rest_route=\/wp\/v2\/posts"}],"about":[{"href":"https:\/\/encuentroinformativo.com.mx\/index.php?rest_route=\/wp\/v2\/types\/post"}],"author":[{"embeddable":true,"href":"https:\/\/encuentroinformativo.com.mx\/index.php?rest_route=\/wp\/v2\/users\/2476"}],"replies":[{"embeddable":true,"href":"https:\/\/encuentroinformativo.com.mx\/index.php?rest_route=%2Fwp%2Fv2%2Fcomments&post=46613"}],"version-history":[{"count":1,"href":"https:\/\/encuentroinformativo.com.mx\/index.php?rest_route=\/wp\/v2\/posts\/46613\/revisions"}],"predecessor-version":[{"id":46615,"href":"https:\/\/encuentroinformativo.com.mx\/index.php?rest_route=\/wp\/v2\/posts\/46613\/revisions\/46615"}],"wp:featuredmedia":[{"embeddable":true,"href":"https:\/\/encuentroinformativo.com.mx\/index.php?rest_route=\/wp\/v2\/media\/46614"}],"wp:attachment":[{"href":"https:\/\/encuentroinformativo.com.mx\/index.php?rest_route=%2Fwp%2Fv2%2Fmedia&parent=46613"}],"wp:term":[{"taxonomy":"category","embeddable":true,"href":"https:\/\/encuentroinformativo.com.mx\/index.php?rest_route=%2Fwp%2Fv2%2Fcategories&post=46613"},{"taxonomy":"post_tag","embeddable":true,"href":"https:\/\/encuentroinformativo.com.mx\/index.php?rest_route=%2Fwp%2Fv2%2Ftags&post=46613"}],"curies":[{"name":"wp","href":"https:\/\/api.w.org\/{rel}","templated":true}]}}