{"id":46632,"date":"2023-10-19T12:44:02","date_gmt":"2023-10-19T18:44:02","guid":{"rendered":"https:\/\/encuentroinformativo.com.mx\/?p=46632"},"modified":"2023-10-19T12:44:08","modified_gmt":"2023-10-19T18:44:08","slug":"congreso-de-energia-fue-evento-proselitista-ataca-huerta","status":"publish","type":"post","link":"https:\/\/encuentroinformativo.com.mx\/?p=46632","title":{"rendered":"Congreso de energ\u00eda fue evento proselitista, ataca Huerta"},"content":{"rendered":"\n<p><strong>Dar\u00edo Pale <\/strong><\/p>\n\n\n\n<p>Xalapa, Ver.- El evento en el WTC fue para justificar acto proselitista a favor de Roc\u00edo Nahle, ya que est\u00e1n moralmente derrotados y desesperados adem\u00e1s para participar en la contienda deben ser veracruzanos, as\u00ed lo se\u00f1al\u00f3 el aspirante a la Coordinaci\u00f3n de los Comit\u00e9s de Defensa de la Cuarta Transformaci\u00f3n, Manuel Huerta Ladr\u00f3n de Guevara.<\/p>\n\n\n\n<p>En entrevista, afirm\u00f3 que el Congreso de Energ\u00eda, celebrado este mi\u00e9rcoles en el WTC de Boca del R\u00edo, fue un mero pretexto para justificar un acto de campa\u00f1a de Roc\u00edo Nahle.<\/p>\n\n\n\n<p>Por lo que critic\u00f3 que con recursos p\u00fablicos del Estado se organice un evento proselitista, al que acudieron otros aspirantes, servidores p\u00fablicos del Estado, incluso de la Federaci\u00f3n.<\/p>\n\n\n\n<p>&#8220;Realmente fue observable, son tantas las complicidades. El que realmente promueve esto aqu\u00ed se nota que tanto peca el que mata la vaca como el que le agarra la pata&#8221;, se\u00f1al\u00f3.<\/p>\n\n\n\n<p>Rechaz\u00f3 que por la organizaci\u00f3n de dicho evento vaya a interponer alguna denuncia, ya que el pueblo se da cuenta de todo esto.<\/p>\n\n\n\n<p>Manifest\u00f3 que lo que est\u00e1 observando es desesperaci\u00f3n, seguramente porque deben tener datos y se atreven a hacer ese tipo de actos al que hasta tuvieron que llevar a estudiantes de prepa para llenar el lugar.<\/p>\n\n\n\n<p>Record\u00f3 que este mi\u00e9rcoles lament\u00f3 que hayan colocado lonas contra Roc\u00edo Nahle en Coatzacoalcos, pero ahora dud\u00f3 si m\u00e1s bien no se tratar\u00eda de un acto autoprovocado para hacerse publicidad.<\/p>\n\n\n\n<p>&#8220;Realmente no veo que levanten, est\u00e1n muy desesperados. Yo lo que veo es que est\u00e1n moralmente derrotados, como decimos en Morena cuando vemos que est\u00e1n en la sinraz\u00f3n y desesperaci\u00f3n&#8221;, coment\u00f3.<\/p>\n\n\n\n<p>&#8220;Temen que llegue una esencia del Movimiento que no est\u00e1 permitiendo privilegios a nadie, que no puede haber corrupci\u00f3n en los Gobiernos&#8221;, agreg\u00f3.<\/p>\n\n\n\n<p>Manuel Huerta neg\u00f3 que vaya a llamar al Gobernador para que saque las manos del proceso interno, porque ya tiene metido el codo y &#8220;hasta las patas&#8221;.<\/p>\n\n\n\n<p>Asegur\u00f3 que a pesar del gasto del erario p\u00fablico no lograr\u00e1n impactar en la encuesta, porque ya hay una tendencia a su favor.<\/p>\n\n\n\n<p>En ese sentido, rechaz\u00f3 que se vaya a enfrentar a una elecci\u00f3n de Estado porque el Estado tambi\u00e9n es el pueblo y el pueblo est\u00e1 en contra de ese tipo de pr\u00e1cticas.<\/p>\n\n\n\n<p>&#8220;Aqu\u00ed hay dos sopas: o Manuel Huerta que es el pueblo o el resto que es un aparato que ayer lo vieron lamentablemente en una circunstancia que los veo moralmente derrotados, esa es la verdad&#8221;, sostuvo.<\/p>\n\n\n\n<p>Finalmente, manifest\u00f3 que uno de los requisitos para participar en la contienda interna era haber nacido en \u00a0Veracruz, hijo de veracruzanos y contar con una residencia efectiva de cinco a\u00f1os, requisitos establecidos en la Ley.<\/p>\n","protected":false},"excerpt":{"rendered":"<p>Dar\u00edo Pale Xalapa, Ver.- El evento en el WTC fue para justificar acto proselitista a favor de Roc\u00edo Nahle, ya que est\u00e1n moralmente derrotados y desesperados adem\u00e1s para participar en la contienda deben ser veracruzanos, as\u00ed lo se\u00f1al\u00f3 el aspirante a la Coordinaci\u00f3n de los Comit\u00e9s de Defensa de la Cuarta Transformaci\u00f3n, Manuel Huerta Ladr\u00f3n [&hellip;]<\/p>\n","protected":false},"author":2476,"featured_media":46633,"comment_status":"open","ping_status":"open","sticky":false,"template":"","format":"standard","meta":{"_jetpack_memberships_contains_paid_content":false,"footnotes":""},"categories":[2],"tags":[],"class_list":["post-46632","post","type-post","status-publish","format-standard","has-post-thumbnail","hentry","category-estado"],"jetpack_featured_media_url":"https:\/\/encuentroinformativo.com.mx\/wp-content\/uploads\/2023\/10\/IMG-20231019-WA0014.jpg","jetpack_sharing_enabled":true,"jetpack_likes_enabled":true,"amp_enabled":true,"_links":{"self":[{"href":"https:\/\/encuentroinformativo.com.mx\/index.php?rest_route=\/wp\/v2\/posts\/46632","targetHints":{"allow":["GET"]}}],"collection":[{"href":"https:\/\/encuentroinformativo.com.mx\/index.php?rest_route=\/wp\/v2\/posts"}],"about":[{"href":"https:\/\/encuentroinformativo.com.mx\/index.php?rest_route=\/wp\/v2\/types\/post"}],"author":[{"embeddable":true,"href":"https:\/\/encuentroinformativo.com.mx\/index.php?rest_route=\/wp\/v2\/users\/2476"}],"replies":[{"embeddable":true,"href":"https:\/\/encuentroinformativo.com.mx\/index.php?rest_route=%2Fwp%2Fv2%2Fcomments&post=46632"}],"version-history":[{"count":1,"href":"https:\/\/encuentroinformativo.com.mx\/index.php?rest_route=\/wp\/v2\/posts\/46632\/revisions"}],"predecessor-version":[{"id":46634,"href":"https:\/\/encuentroinformativo.com.mx\/index.php?rest_route=\/wp\/v2\/posts\/46632\/revisions\/46634"}],"wp:featuredmedia":[{"embeddable":true,"href":"https:\/\/encuentroinformativo.com.mx\/index.php?rest_route=\/wp\/v2\/media\/46633"}],"wp:attachment":[{"href":"https:\/\/encuentroinformativo.com.mx\/index.php?rest_route=%2Fwp%2Fv2%2Fmedia&parent=46632"}],"wp:term":[{"taxonomy":"category","embeddable":true,"href":"https:\/\/encuentroinformativo.com.mx\/index.php?rest_route=%2Fwp%2Fv2%2Fcategories&post=46632"},{"taxonomy":"post_tag","embeddable":true,"href":"https:\/\/encuentroinformativo.com.mx\/index.php?rest_route=%2Fwp%2Fv2%2Ftags&post=46632"}],"curies":[{"name":"wp","href":"https:\/\/api.w.org\/{rel}","templated":true}]}}