{"id":46644,"date":"2023-10-19T14:15:49","date_gmt":"2023-10-19T20:15:49","guid":{"rendered":"https:\/\/encuentroinformativo.com.mx\/?p=46644"},"modified":"2023-10-19T14:15:54","modified_gmt":"2023-10-19T20:15:54","slug":"habitantes-de-coatzacoalcos-y-xalapa-se-sienten-mas-seguros-ensu","status":"publish","type":"post","link":"https:\/\/encuentroinformativo.com.mx\/?p=46644","title":{"rendered":"Habitantes de Coatzacoalcos y Xalapa se sienten m\u00e1s seguros: ENSU"},"content":{"rendered":"\n<p>Xalapa, Ver.- A partir del reforzamiento y las estrategias impulsadas por la Secretar\u00eda de Seguridad P\u00fablica (SSP), a trav\u00e9s de Polic\u00eda Estatal, habitantes de las ciudades de Coatzacoalcos y Xalapa perciben avances en materia de seguridad, seg\u00fan datos de la Encuesta Nacional de Seguridad P\u00fablica Urbana (ENSU), actualizados hasta el 30 de septiembre.<\/p>\n\n\n\n<p>Tan solo en la zona sur en el \u00faltimo mes se activaron esquemas preventivos para reforzar el trabajo para inhibir el delito, lo que ha dado como resultado que cerca del 40 por ciento de la poblaci\u00f3n mayor de 18 a\u00f1os ha visto con buenos ojos el trabajo realizado por los cuerpos de seguridad.<\/p>\n\n\n\n<p>Asimismo, en la capital del estado 38.2 por ciento avala el trabajo de las fuerzas del orden, acciones que se traducen en una disminuci\u00f3n en la percepci\u00f3n de la inseguridad, pasando de 56.7 por ciento en marzo a 50.1 por ciento en el pasado mes de septiembre.<\/p>\n\n\n\n<p>Mientras en Coatzacoalcos, la percepci\u00f3n de inseguridad paso de 78.9 por ciento en marzo de 2023 a 71.3 en septiembre pasado.<\/p>\n","protected":false},"excerpt":{"rendered":"<p>Xalapa, Ver.- A partir del reforzamiento y las estrategias impulsadas por la Secretar\u00eda de Seguridad P\u00fablica (SSP), a trav\u00e9s de Polic\u00eda Estatal, habitantes de las ciudades de Coatzacoalcos y Xalapa perciben avances en materia de seguridad, seg\u00fan datos de la Encuesta Nacional de Seguridad P\u00fablica Urbana (ENSU), actualizados hasta el 30 de septiembre. Tan solo [&hellip;]<\/p>\n","protected":false},"author":2476,"featured_media":46645,"comment_status":"open","ping_status":"open","sticky":false,"template":"","format":"standard","meta":{"_jetpack_memberships_contains_paid_content":false,"footnotes":""},"categories":[2],"tags":[],"class_list":["post-46644","post","type-post","status-publish","format-standard","has-post-thumbnail","hentry","category-estado"],"jetpack_featured_media_url":"https:\/\/encuentroinformativo.com.mx\/wp-content\/uploads\/2023\/10\/IMG-20231019-WA0033.jpg","jetpack_sharing_enabled":true,"jetpack_likes_enabled":true,"amp_enabled":true,"_links":{"self":[{"href":"https:\/\/encuentroinformativo.com.mx\/index.php?rest_route=\/wp\/v2\/posts\/46644","targetHints":{"allow":["GET"]}}],"collection":[{"href":"https:\/\/encuentroinformativo.com.mx\/index.php?rest_route=\/wp\/v2\/posts"}],"about":[{"href":"https:\/\/encuentroinformativo.com.mx\/index.php?rest_route=\/wp\/v2\/types\/post"}],"author":[{"embeddable":true,"href":"https:\/\/encuentroinformativo.com.mx\/index.php?rest_route=\/wp\/v2\/users\/2476"}],"replies":[{"embeddable":true,"href":"https:\/\/encuentroinformativo.com.mx\/index.php?rest_route=%2Fwp%2Fv2%2Fcomments&post=46644"}],"version-history":[{"count":1,"href":"https:\/\/encuentroinformativo.com.mx\/index.php?rest_route=\/wp\/v2\/posts\/46644\/revisions"}],"predecessor-version":[{"id":46646,"href":"https:\/\/encuentroinformativo.com.mx\/index.php?rest_route=\/wp\/v2\/posts\/46644\/revisions\/46646"}],"wp:featuredmedia":[{"embeddable":true,"href":"https:\/\/encuentroinformativo.com.mx\/index.php?rest_route=\/wp\/v2\/media\/46645"}],"wp:attachment":[{"href":"https:\/\/encuentroinformativo.com.mx\/index.php?rest_route=%2Fwp%2Fv2%2Fmedia&parent=46644"}],"wp:term":[{"taxonomy":"category","embeddable":true,"href":"https:\/\/encuentroinformativo.com.mx\/index.php?rest_route=%2Fwp%2Fv2%2Fcategories&post=46644"},{"taxonomy":"post_tag","embeddable":true,"href":"https:\/\/encuentroinformativo.com.mx\/index.php?rest_route=%2Fwp%2Fv2%2Ftags&post=46644"}],"curies":[{"name":"wp","href":"https:\/\/api.w.org\/{rel}","templated":true}]}}