{"id":46650,"date":"2023-10-19T16:07:57","date_gmt":"2023-10-19T22:07:57","guid":{"rendered":"https:\/\/encuentroinformativo.com.mx\/?p=46650"},"modified":"2023-10-19T16:08:00","modified_gmt":"2023-10-19T22:08:00","slug":"se-sumaran-organizaciones-civiles-a-protestas-de-poder-judicial","status":"publish","type":"post","link":"https:\/\/encuentroinformativo.com.mx\/?p=46650","title":{"rendered":"Se sumar\u00e1n organizaciones civiles a protestas de Poder Judicial"},"content":{"rendered":"\n<p><strong>Juan Arcos <\/strong><\/p>\n\n\n\n<p>Xalapa, Ver.- Organizaciones civiles dieron a conocer que se sumar\u00e1n a las protestas en defensa del Poder Judicial de la Federaci\u00f3n (PJF), luego de que la C\u00e1mara de Diputados aprobara la eliminaci\u00f3n de 13 fondos y fideicomisos.<\/p>\n\n\n\n<p>En conferencia de prensa, realizada en el centro de Xalapa, Donato Flores Soto, del Frente C\u00edvico Nacional, destac\u00f3 que nunca antes en la historia del pa\u00eds se hab\u00edan cometido tantos \u201catropellos\u201d contra el Poder Judicial.<\/p>\n\n\n\n<p>&#8220;Por qu\u00e9 no protestamos contra una incongruencia. Dice que los ministros, los jueces y los magistrados sean electos por el pueblo y que se vayan a una votaci\u00f3n. Yo les pregunto: Morena c\u00f3mo elige a sus candidatos, c\u00f3mo elige a sus dirigentes, lo hace con encuestas y por qu\u00e9 a algunos les pone esa vara que ni en su propia casa con el voto directo, secreto y universal\u201d.<\/p>\n\n\n\n<p>Tambi\u00e9n consider\u00f3 que la reducci\u00f3n presupuestal que propuso el presidente Andr\u00e9s Manuel L\u00f3pez Obrador podr\u00eda considerarse una \u201cvenganza pol\u00edtica\u201d, porque el Poder Judicial se ha opuesto a sus iniciativas \u201cinconstitucionales\u201d.<\/p>\n\n\n\n<p>\u201cLa Suprema Corte ha respondido con lo que le corresponde de acuerdo con la Constituci\u00f3n, es defender la Constituci\u00f3n, como fue su plan B sobre la reforma electoral\u201d.<\/p>\n\n\n\n<p>Flores Soto indic\u00f3 que las organizaciones civiles que han protestado en defensa del Instituto Nacional Electoral (INE) saldr\u00e1n a las calles nuevamente, pero esta vez en respaldo al Poder Judicial de la Federaci\u00f3n.<\/p>\n\n\n\n<p>El integrante del Frente C\u00edvico Nacional pidi\u00f3 a los distintos sectores de la poblaci\u00f3n que se sumen a las protestas en defensa del Poder Judicial, pues las recientes modificaciones legislativas vulneran a m\u00e1s de 55 mil trabajadores.<\/p>\n\n\n\n<p>Tambi\u00e9n hizo un llamado a los partidos pol\u00edticos de oposici\u00f3n para que agilicen la conformaci\u00f3n del Frente Amplio por M\u00e9xico en Veracruz.<\/p>\n\n\n\n<p>\u201cNo pertenecemos a ning\u00fan partido pol\u00edtico, pero se lo estamos pidiendo al PAN, al PRI y al PRD, les estamos pidiendo con urgencia reestructurarse para conformar el frente amplio por M\u00e9xico en Veracruz\u201d.<\/p>\n\n\n\n<p>Por su parte, Juan Carlos Krause Rivera, tambi\u00e9n integrante del Frente C\u00edvico Nacional, dio a conocer que hace unos d\u00edas se acord\u00f3 en un Congreso nacional que a partir del 20 de noviembre se emprender\u00e1 un programa de acci\u00f3n en respaldo a la aspirante presidencial del Frente Amplio por M\u00e9xico, X\u00f3chitl G\u00e1lvez.<\/p>\n\n\n\n<p>\u201cCuando inician las precampa\u00f1as echaremos a andar un programa de organizaci\u00f3n en el cual ser\u00eda la cuarta pata de un programa de respaldo a X\u00f3chilt G\u00e1lvez y vamos a echar a andar la columna ciudadana en todo el pa\u00eds y aqu\u00ed en el estado de Veracruz con unos 100 mil activistas para organizarnos y emprender toda una campa\u00f1a a favor de X\u00f3chilt por distrito y municipio\u201d, remat\u00f3.<\/p>\n","protected":false},"excerpt":{"rendered":"<p>Juan Arcos Xalapa, Ver.- Organizaciones civiles dieron a conocer que se sumar\u00e1n a las protestas en defensa del Poder Judicial de la Federaci\u00f3n (PJF), luego de que la C\u00e1mara de Diputados aprobara la eliminaci\u00f3n de 13 fondos y fideicomisos. En conferencia de prensa, realizada en el centro de Xalapa, Donato Flores Soto, del Frente C\u00edvico [&hellip;]<\/p>\n","protected":false},"author":2476,"featured_media":46651,"comment_status":"open","ping_status":"open","sticky":false,"template":"","format":"standard","meta":{"_jetpack_memberships_contains_paid_content":false,"footnotes":""},"categories":[3],"tags":[],"class_list":["post-46650","post","type-post","status-publish","format-standard","has-post-thumbnail","hentry","category-xalapa"],"jetpack_featured_media_url":"https:\/\/encuentroinformativo.com.mx\/wp-content\/uploads\/2023\/10\/IMG_8380.jpg","jetpack_sharing_enabled":true,"jetpack_likes_enabled":true,"amp_enabled":true,"_links":{"self":[{"href":"https:\/\/encuentroinformativo.com.mx\/index.php?rest_route=\/wp\/v2\/posts\/46650","targetHints":{"allow":["GET"]}}],"collection":[{"href":"https:\/\/encuentroinformativo.com.mx\/index.php?rest_route=\/wp\/v2\/posts"}],"about":[{"href":"https:\/\/encuentroinformativo.com.mx\/index.php?rest_route=\/wp\/v2\/types\/post"}],"author":[{"embeddable":true,"href":"https:\/\/encuentroinformativo.com.mx\/index.php?rest_route=\/wp\/v2\/users\/2476"}],"replies":[{"embeddable":true,"href":"https:\/\/encuentroinformativo.com.mx\/index.php?rest_route=%2Fwp%2Fv2%2Fcomments&post=46650"}],"version-history":[{"count":1,"href":"https:\/\/encuentroinformativo.com.mx\/index.php?rest_route=\/wp\/v2\/posts\/46650\/revisions"}],"predecessor-version":[{"id":46652,"href":"https:\/\/encuentroinformativo.com.mx\/index.php?rest_route=\/wp\/v2\/posts\/46650\/revisions\/46652"}],"wp:featuredmedia":[{"embeddable":true,"href":"https:\/\/encuentroinformativo.com.mx\/index.php?rest_route=\/wp\/v2\/media\/46651"}],"wp:attachment":[{"href":"https:\/\/encuentroinformativo.com.mx\/index.php?rest_route=%2Fwp%2Fv2%2Fmedia&parent=46650"}],"wp:term":[{"taxonomy":"category","embeddable":true,"href":"https:\/\/encuentroinformativo.com.mx\/index.php?rest_route=%2Fwp%2Fv2%2Fcategories&post=46650"},{"taxonomy":"post_tag","embeddable":true,"href":"https:\/\/encuentroinformativo.com.mx\/index.php?rest_route=%2Fwp%2Fv2%2Ftags&post=46650"}],"curies":[{"name":"wp","href":"https:\/\/api.w.org\/{rel}","templated":true}]}}