{"id":46659,"date":"2023-10-19T16:29:07","date_gmt":"2023-10-19T22:29:07","guid":{"rendered":"https:\/\/encuentroinformativo.com.mx\/?p=46659"},"modified":"2023-10-19T16:29:12","modified_gmt":"2023-10-19T22:29:12","slug":"congreso-de-energia-no-fue-acto-proselitista-funcionarios-se-excedieron-reconoce-cuitlahuac","status":"publish","type":"post","link":"https:\/\/encuentroinformativo.com.mx\/?p=46659","title":{"rendered":"Congreso de Energ\u00eda no fue acto proselitista; funcionarios se excedieron, reconoce Cuitl\u00e1huac"},"content":{"rendered":"\n<p><strong>Dar\u00edo Pale <\/strong><\/p>\n\n\n\n<p>Xalapa, Ver.- Rechaza el Gobernador Cuitl\u00e1huac Garc\u00eda Jim\u00e9nez favorecer a Roc\u00edo Nahle con el Congreso de Energ\u00eda, dice que fue una coincidencia, el congreso se hace cada a\u00f1o, al igual que defendi\u00f3 al PMA de las acusaciones del presidente de la COPARMEX-Xalapa, &#8220;ojal\u00e1 que la COPARMEX haga algo al respecto&#8221;, pidi\u00f3 a su gabinete cuidar las formas.<\/p>\n\n\n\n<p>En conferencia de prensa, neg\u00f3 que se haya incurrido en alguna ilegalidad al invitar a la exsecretaria de Energ\u00eda, Roc\u00edo Nahle al congreso realizado este mi\u00e9rcoles en el WTC, dijo que se trat\u00f3 de una coincidencia.<\/p>\n\n\n\n<p>Rechaz\u00f3 tambi\u00e9n que se hayan usado recursos p\u00fablicos para un acto meramente proselitista como lo dijo este d\u00eda Manuel Huerta, aspirante a la coordinaci\u00f3n de los comit\u00e9s de defensa de la Cuarta Transformaci\u00f3n.<\/p>\n\n\n\n<p>Expuso que fue la Secretar\u00eda de Energ\u00eda la que decidi\u00f3 entregarle un reconocimiento a la extitular de dicha dependencia federal, aunque admiti\u00f3 que &#8220;algunas personas&#8221; se excedieron de manera indebida, sobre todo por \u00e9tica al mostrar su afinidad con Roc\u00edo Nahle.<\/p>\n\n\n\n<p>Fue as\u00ed que solicit\u00f3 a los integrantes de su gabinete para que guardaran la compostura.<\/p>\n\n\n\n<p>&#8220;Pero pues est\u00e1 la efervescencia y obviamente al ver a la exsecretaria ah\u00ed, pues algunos mostraron su afinidad, pero no se incurre en ning\u00fan acto indebido ni uso (de recursos p\u00fablicos), porque ese congreso no se plane\u00f3 exprofeso para eso&#8221;, asegur\u00f3.<\/p>\n\n\n\n<p>Dijo que le recomend\u00f3 a los integrantes de su gabinete que deben cuidar las formas, y presumi\u00f3 que el Congreso de Energ\u00eda es un evento acad\u00e9mico, de difusi\u00f3n cient\u00edfica y tecnol\u00f3gica importante para el Estado que se lleva a cabo cada a\u00f1o y &#8220;ni modo que cada a\u00f1o hay postulaci\u00f3n&#8221;.<\/p>\n\n\n\n<p>&#8220;No tiene nada que ver, la coincidencia pues, \u00bfnosotros qu\u00e9 podemos hacer? Estamos llevando a cabo un congreso internacional important\u00edsimo para Veracruz porque Veracruz, aunque no lo quieran ver algunos, est\u00e1 insertado en el panorama energ\u00e9tico nacional&#8221;, coment\u00f3.<\/p>\n\n\n\n<p>Garc\u00eda Jim\u00e9nez esquiv\u00f3 responder los se\u00f1alamientos de Manuel Huerta quien los llam\u00f3 desesperados y moralmente derrotados.<\/p>\n\n\n\n<p><strong>Defensa PMA<\/strong><\/p>\n\n\n\n<p>En otro orden de ideas, sali\u00f3 en defensa del Procurador de Medio Ambiente (PMA), Sergio Rodr\u00edguez Cort\u00e9s, de las acusaciones del presidente de la COPARMEX-Xalapa, Juan Carlos D\u00edaz Morante, al asegurar que sus empresas s\u00ed contaminan al no cumplir con las normas ambientales.<\/p>\n\n\n\n<p>&#8220;Lamentablemente confunde las cosas, queriendo hablar por todos los empresarios, porque son sus empresas las que tienen problemas con el medio ambiente, porque contaminan y no quiere que se multe, esa es la verdad, no tiene en regla a sus empresas desde hace a\u00f1os y antes estaba acostumbrado a dar moches, pero ahora ya no s\u00e9 puede, se le tiene que aplicar la multa&#8221;, se\u00f1al\u00f3.<\/p>\n\n\n\n<p>Dej\u00f3 en claro que en la PMA no hay irregularidades, que en donde hay problemas es en las empresas del empresario Juan Carlos D\u00edaz Morante.<\/p>\n\n\n\n<p>&#8220;Estamos monitoreando y hasta ahorita tiene dos empresas y que la gente sepa que contaminan sus empresas&#8221;, dijo.<\/p>\n\n\n\n<p>Por lo que en ese sentido, pidi\u00f3 a la COPARMEX-Xalapa hacer algo al respecto, &#8220;espero que la Coparmex haga al respecto, porque habla a nombre de todos, vamos a tener que revisar las empresas de todos, no ha cumplido y ahora no quiere que se le aplique la multa y aplica \u00a0la presi\u00f3n medi\u00e1tica y no hay irregularidades en la PMA&#8221;.<\/p>\n\n\n\n<p>Por \u00faltimo cabe recordar que el presidente de la COPARMEX-Xalapa, Juan Carlos D\u00edaz Morante, denunci\u00f3 a la PMA de multas excesivas y abuso de poder.<\/p>\n","protected":false},"excerpt":{"rendered":"<p>Dar\u00edo Pale Xalapa, Ver.- Rechaza el Gobernador Cuitl\u00e1huac Garc\u00eda Jim\u00e9nez favorecer a Roc\u00edo Nahle con el Congreso de Energ\u00eda, dice que fue una coincidencia, el congreso se hace cada a\u00f1o, al igual que defendi\u00f3 al PMA de las acusaciones del presidente de la COPARMEX-Xalapa, &#8220;ojal\u00e1 que la COPARMEX haga algo al respecto&#8221;, pidi\u00f3 a su [&hellip;]<\/p>\n","protected":false},"author":2476,"featured_media":46660,"comment_status":"open","ping_status":"open","sticky":false,"template":"","format":"standard","meta":{"_jetpack_memberships_contains_paid_content":false,"footnotes":""},"categories":[2],"tags":[],"class_list":["post-46659","post","type-post","status-publish","format-standard","has-post-thumbnail","hentry","category-estado"],"jetpack_featured_media_url":"https:\/\/encuentroinformativo.com.mx\/wp-content\/uploads\/2023\/10\/IMG-20231019-WA00862.jpg","jetpack_sharing_enabled":true,"jetpack_likes_enabled":true,"amp_enabled":true,"_links":{"self":[{"href":"https:\/\/encuentroinformativo.com.mx\/index.php?rest_route=\/wp\/v2\/posts\/46659","targetHints":{"allow":["GET"]}}],"collection":[{"href":"https:\/\/encuentroinformativo.com.mx\/index.php?rest_route=\/wp\/v2\/posts"}],"about":[{"href":"https:\/\/encuentroinformativo.com.mx\/index.php?rest_route=\/wp\/v2\/types\/post"}],"author":[{"embeddable":true,"href":"https:\/\/encuentroinformativo.com.mx\/index.php?rest_route=\/wp\/v2\/users\/2476"}],"replies":[{"embeddable":true,"href":"https:\/\/encuentroinformativo.com.mx\/index.php?rest_route=%2Fwp%2Fv2%2Fcomments&post=46659"}],"version-history":[{"count":1,"href":"https:\/\/encuentroinformativo.com.mx\/index.php?rest_route=\/wp\/v2\/posts\/46659\/revisions"}],"predecessor-version":[{"id":46661,"href":"https:\/\/encuentroinformativo.com.mx\/index.php?rest_route=\/wp\/v2\/posts\/46659\/revisions\/46661"}],"wp:featuredmedia":[{"embeddable":true,"href":"https:\/\/encuentroinformativo.com.mx\/index.php?rest_route=\/wp\/v2\/media\/46660"}],"wp:attachment":[{"href":"https:\/\/encuentroinformativo.com.mx\/index.php?rest_route=%2Fwp%2Fv2%2Fmedia&parent=46659"}],"wp:term":[{"taxonomy":"category","embeddable":true,"href":"https:\/\/encuentroinformativo.com.mx\/index.php?rest_route=%2Fwp%2Fv2%2Fcategories&post=46659"},{"taxonomy":"post_tag","embeddable":true,"href":"https:\/\/encuentroinformativo.com.mx\/index.php?rest_route=%2Fwp%2Fv2%2Ftags&post=46659"}],"curies":[{"name":"wp","href":"https:\/\/api.w.org\/{rel}","templated":true}]}}