{"id":46662,"date":"2023-10-19T19:39:54","date_gmt":"2023-10-20T01:39:54","guid":{"rendered":"https:\/\/encuentroinformativo.com.mx\/?p=46662"},"modified":"2023-10-19T19:39:58","modified_gmt":"2023-10-20T01:39:58","slug":"promueven-macro-feria-infantil-aprendo-a-cuidarme-en-cordoba","status":"publish","type":"post","link":"https:\/\/encuentroinformativo.com.mx\/?p=46662","title":{"rendered":"Promueven macro feria infantil &#8216;Aprendo a cuidarme&#8217; en C\u00f3rdoba"},"content":{"rendered":"\n<p>Xalapa, Ver.- En el gobierno de la Cuarta Transformaci\u00f3n encabezado por el Ingeniero Cuitl\u00e1huac Garc\u00eda Jim\u00e9nez, se busca garantizar la seguridad de la juventud y la ni\u00f1ez veracruzana, as\u00ed como fomentar una cultura de paz y autocuidado, por ello la Secretar\u00eda de Seguridad P\u00fablica a trav\u00e9s de la Direcci\u00f3n General de Vinculaci\u00f3n Institucional lleva a cabo el Encuentro Ciudadano #OrgulloPolicial dentro del marco de la Macro Feria Infantil Aprendo a Cuidarme.<\/p>\n\n\n\n<p>El objetivo es que ni\u00f1os, ni\u00f1as y j\u00f3venes puedan conocer y convivir con cada una de las \u00e1reas que integran la SSP, as\u00ed como presenciar algunas demostraciones de habilidades t\u00e9cnicas de nuestros cuerpos policiales como la Compa\u00f1\u00eda de caballer\u00eda, Compa\u00f1\u00eda K9, IPAX, C4, Tr\u00e1nsito y Seguridad Vial, Centro de Estudios e Investigaci\u00f3n en Seguridad, CEPREVIDE, Servicio M\u00e9dico de la SSP, Polic\u00eda Vial, DGPRS y Fuerza Civil.<\/p>\n\n\n\n<p>Este evento se lleva a cabo en el Complejo Deportivo \u201cEl Mexicano\u201d en C\u00f3rdoba, del 19 al 22 de octubre de 9:00 a 17:00 hrs.<\/p>\n\n\n\n<p>\u00a1Participa y asiste con toda tu familia!<\/p>\n","protected":false},"excerpt":{"rendered":"<p>Xalapa, Ver.- En el gobierno de la Cuarta Transformaci\u00f3n encabezado por el Ingeniero Cuitl\u00e1huac Garc\u00eda Jim\u00e9nez, se busca garantizar la seguridad de la juventud y la ni\u00f1ez veracruzana, as\u00ed como fomentar una cultura de paz y autocuidado, por ello la Secretar\u00eda de Seguridad P\u00fablica a trav\u00e9s de la Direcci\u00f3n General de Vinculaci\u00f3n Institucional lleva a [&hellip;]<\/p>\n","protected":false},"author":2476,"featured_media":46663,"comment_status":"open","ping_status":"open","sticky":false,"template":"","format":"standard","meta":{"_jetpack_memberships_contains_paid_content":false,"footnotes":""},"categories":[2],"tags":[],"class_list":["post-46662","post","type-post","status-publish","format-standard","has-post-thumbnail","hentry","category-estado"],"jetpack_featured_media_url":"https:\/\/encuentroinformativo.com.mx\/wp-content\/uploads\/2023\/10\/FB_IMG_1697765814902.jpg","jetpack_sharing_enabled":true,"jetpack_likes_enabled":true,"amp_enabled":true,"_links":{"self":[{"href":"https:\/\/encuentroinformativo.com.mx\/index.php?rest_route=\/wp\/v2\/posts\/46662","targetHints":{"allow":["GET"]}}],"collection":[{"href":"https:\/\/encuentroinformativo.com.mx\/index.php?rest_route=\/wp\/v2\/posts"}],"about":[{"href":"https:\/\/encuentroinformativo.com.mx\/index.php?rest_route=\/wp\/v2\/types\/post"}],"author":[{"embeddable":true,"href":"https:\/\/encuentroinformativo.com.mx\/index.php?rest_route=\/wp\/v2\/users\/2476"}],"replies":[{"embeddable":true,"href":"https:\/\/encuentroinformativo.com.mx\/index.php?rest_route=%2Fwp%2Fv2%2Fcomments&post=46662"}],"version-history":[{"count":1,"href":"https:\/\/encuentroinformativo.com.mx\/index.php?rest_route=\/wp\/v2\/posts\/46662\/revisions"}],"predecessor-version":[{"id":46664,"href":"https:\/\/encuentroinformativo.com.mx\/index.php?rest_route=\/wp\/v2\/posts\/46662\/revisions\/46664"}],"wp:featuredmedia":[{"embeddable":true,"href":"https:\/\/encuentroinformativo.com.mx\/index.php?rest_route=\/wp\/v2\/media\/46663"}],"wp:attachment":[{"href":"https:\/\/encuentroinformativo.com.mx\/index.php?rest_route=%2Fwp%2Fv2%2Fmedia&parent=46662"}],"wp:term":[{"taxonomy":"category","embeddable":true,"href":"https:\/\/encuentroinformativo.com.mx\/index.php?rest_route=%2Fwp%2Fv2%2Fcategories&post=46662"},{"taxonomy":"post_tag","embeddable":true,"href":"https:\/\/encuentroinformativo.com.mx\/index.php?rest_route=%2Fwp%2Fv2%2Ftags&post=46662"}],"curies":[{"name":"wp","href":"https:\/\/api.w.org\/{rel}","templated":true}]}}