{"id":46675,"date":"2023-10-20T13:46:23","date_gmt":"2023-10-20T19:46:23","guid":{"rendered":"https:\/\/encuentroinformativo.com.mx\/?p=46675"},"modified":"2023-10-20T13:46:28","modified_gmt":"2023-10-20T19:46:28","slug":"la-casa-maldita-abrira-sus-puertas-en-coatepec","status":"publish","type":"post","link":"https:\/\/encuentroinformativo.com.mx\/?p=46675","title":{"rendered":"La Casa Maldita abrir\u00e1 sus puertas en Coatepec"},"content":{"rendered":"\n<p><strong>Juan Arcos <\/strong><\/p>\n\n\n\n<p>Coatepec, Ver.- La Casa Maldita abrir\u00e1 sus puertas durante esta temporada pero ahora en el municipio de Coatepec, como parte de las actividades del Festival Catrinas 2023, en su segunda edici\u00f3n.<\/p>\n\n\n\n<p>De acuerdo con \u00d3scar Cuevas, coproductor y codirector de la Casa Maldita, las funciones se realizar\u00e1n en el auditorio Benito Ju\u00e1rez de Palacio Municipal del 28 de octubre al 4 de noviembre.<\/p>\n\n\n\n<p>Habr\u00e1 funciones familiares de 15:00 a 19:00 horas, donde pueden ingresar ni\u00f1os peque\u00f1os, de tres o cuatro a\u00f1os. Se trata de un recorrido por la casa, donde los hu\u00e9spedes estar\u00e1n dormidos y los asistentes acceder\u00edan a leves sustos.<\/p>\n\n\n\n<p>\u201cEs m\u00e1s que nada una visita a la misma casa, donde los habitantes de la misma todav\u00eda est\u00e1n dormidos y los ni\u00f1os los pueden conocer sin llevarse un susto en realidad\u201d.<\/p>\n\n\n\n<p>Sin embargo, a partir de las ocho de la noche y hasta que la \u00faltima persona con boleto ingrese se realizar\u00e1 la versi\u00f3n normal de la Casa Maldita.<br>El costo para la funci\u00f3n familiar donde se permite el ingreso de ni\u00f1os tiene un costo de 35 pesos por persona. Mientras que la versi\u00f3n nocturna costar\u00e1 65 pesos por persona.<\/p>\n\n\n\n<p>\u201cRecomendamos a partir de 13 a\u00f1os en adelante para la funci\u00f3n de la noche y si entran m\u00e1s peque\u00f1os, entran con sus padres y ya es decisi\u00f3n de ellos\u201d, enfatiz\u00f3 \u00d3scar Cuevas.<\/p>\n\n\n\n<p>Los interesados pueden adquirir los boletos, ingresando a la p\u00e1gina de Facebook \u201cLa Casa Maldita\u201d o comunic\u00e1ndose al n\u00famero celular 22 81 24 94 44.<\/p>\n","protected":false},"excerpt":{"rendered":"<p>Juan Arcos Coatepec, Ver.- La Casa Maldita abrir\u00e1 sus puertas durante esta temporada pero ahora en el municipio de Coatepec, como parte de las actividades del Festival Catrinas 2023, en su segunda edici\u00f3n. De acuerdo con \u00d3scar Cuevas, coproductor y codirector de la Casa Maldita, las funciones se realizar\u00e1n en el auditorio Benito Ju\u00e1rez de [&hellip;]<\/p>\n","protected":false},"author":2476,"featured_media":46676,"comment_status":"open","ping_status":"open","sticky":false,"template":"","format":"standard","meta":{"_jetpack_memberships_contains_paid_content":false,"footnotes":""},"categories":[8],"tags":[],"class_list":["post-46675","post","type-post","status-publish","format-standard","has-post-thumbnail","hentry","category-region"],"jetpack_featured_media_url":"https:\/\/encuentroinformativo.com.mx\/wp-content\/uploads\/2023\/10\/IMG_7829.jpg","jetpack_sharing_enabled":true,"jetpack_likes_enabled":true,"amp_enabled":true,"_links":{"self":[{"href":"https:\/\/encuentroinformativo.com.mx\/index.php?rest_route=\/wp\/v2\/posts\/46675","targetHints":{"allow":["GET"]}}],"collection":[{"href":"https:\/\/encuentroinformativo.com.mx\/index.php?rest_route=\/wp\/v2\/posts"}],"about":[{"href":"https:\/\/encuentroinformativo.com.mx\/index.php?rest_route=\/wp\/v2\/types\/post"}],"author":[{"embeddable":true,"href":"https:\/\/encuentroinformativo.com.mx\/index.php?rest_route=\/wp\/v2\/users\/2476"}],"replies":[{"embeddable":true,"href":"https:\/\/encuentroinformativo.com.mx\/index.php?rest_route=%2Fwp%2Fv2%2Fcomments&post=46675"}],"version-history":[{"count":1,"href":"https:\/\/encuentroinformativo.com.mx\/index.php?rest_route=\/wp\/v2\/posts\/46675\/revisions"}],"predecessor-version":[{"id":46677,"href":"https:\/\/encuentroinformativo.com.mx\/index.php?rest_route=\/wp\/v2\/posts\/46675\/revisions\/46677"}],"wp:featuredmedia":[{"embeddable":true,"href":"https:\/\/encuentroinformativo.com.mx\/index.php?rest_route=\/wp\/v2\/media\/46676"}],"wp:attachment":[{"href":"https:\/\/encuentroinformativo.com.mx\/index.php?rest_route=%2Fwp%2Fv2%2Fmedia&parent=46675"}],"wp:term":[{"taxonomy":"category","embeddable":true,"href":"https:\/\/encuentroinformativo.com.mx\/index.php?rest_route=%2Fwp%2Fv2%2Fcategories&post=46675"},{"taxonomy":"post_tag","embeddable":true,"href":"https:\/\/encuentroinformativo.com.mx\/index.php?rest_route=%2Fwp%2Fv2%2Ftags&post=46675"}],"curies":[{"name":"wp","href":"https:\/\/api.w.org\/{rel}","templated":true}]}}