{"id":46692,"date":"2023-10-20T15:59:48","date_gmt":"2023-10-20T21:59:48","guid":{"rendered":"https:\/\/encuentroinformativo.com.mx\/?p=46692"},"modified":"2023-10-20T15:59:52","modified_gmt":"2023-10-20T21:59:52","slug":"reclaman-pobladores-reparacion-de-carretera-en-naolinco","status":"publish","type":"post","link":"https:\/\/encuentroinformativo.com.mx\/?p=46692","title":{"rendered":"Reclaman pobladores reparaci\u00f3n de carretera en Naolinco"},"content":{"rendered":"\n<p><strong>Juan Arcos <\/strong><\/p>\n\n\n\n<p>Xalapa, Ver.- El 40 por ciento de la carretera de San Miguel Aguasuelos hacia la cabecera municipal de Naolinco est\u00e1 llena de baches y pone en riesgo a la poblaci\u00f3n.<\/p>\n\n\n\n<p>Se trata de un tramo de 5 kil\u00f3metros que comprenden esta v\u00eda de comunicaci\u00f3n, mismo que ha permanecido da\u00f1ado desde hace tiempo.<\/p>\n\n\n\n<p>Los pobladores pidieron al ayuntamiento de Naolinco, que encabeza el alcalde Luis Manuel Montero Hern\u00e1ndez, la reparaci\u00f3n del camino.<\/p>\n\n\n\n<p>De acuerdo con Enrique Ram\u00edrez, un artesano de Aguasuelos, el mal estado de la carretera provoca que menos turistas lleguen a esa localidad, donde se comercializan artesan\u00edas de barro.<\/p>\n\n\n\n<p>\u201cHace falta que recorten y hacer tramos m\u00e1s grandes para la reencarpetada, eso le hace falta a la carretera porque cada d\u00eda hay m\u00e1s baches y sobre todo con la temporada de lluvias\u201d, coment\u00f3.<\/p>\n\n\n\n<p>Durante esta temporada de lluvias y ciclones tropicales han empeorado las condiciones de la carretera, situaci\u00f3n que pone en riesgo a los automovilistas, pues se trata de una zona boscosa, donde desciende la neblina.<\/p>\n\n\n\n<p>\u201cAlgunas personas por eso no ya no viene porque ven los caminos feos y dicen, ya no voy y lo que queremos es que lleguen, esa es la petici\u00f3n que le hacemos al Gobierno, al Ayuntamiento para que nos ayuden\u201d.<\/p>\n\n\n\n<p>Los artesanos tambi\u00e9n solicitaron al gobierno del estado que intervenga para que el ayuntamiento atienda la demanda ciudadana.<\/p>\n\n\n\n<p>Cabe recordar que en agosto pasado, Naolinco recibi\u00f3 el nombramiento de Pueblo M\u00e1gico por parte de la Secretar\u00eda de Turismo federal.<\/p>\n\n\n\n<figure class=\"wp-block-image size-large\"><img loading=\"lazy\" decoding=\"async\" width=\"961\" height=\"721\" src=\"https:\/\/encuentroinformativo.com.mx\/wp-content\/uploads\/2023\/10\/e7b1307d-6b44-4e80-a002-203b0f755078.jpg\" alt=\"\" class=\"wp-image-46694\" srcset=\"https:\/\/encuentroinformativo.com.mx\/wp-content\/uploads\/2023\/10\/e7b1307d-6b44-4e80-a002-203b0f755078.jpg 961w, https:\/\/encuentroinformativo.com.mx\/wp-content\/uploads\/2023\/10\/e7b1307d-6b44-4e80-a002-203b0f755078-300x225.jpg 300w, https:\/\/encuentroinformativo.com.mx\/wp-content\/uploads\/2023\/10\/e7b1307d-6b44-4e80-a002-203b0f755078-768x576.jpg 768w\" sizes=\"auto, (max-width: 961px) 100vw, 961px\" \/><\/figure>\n","protected":false},"excerpt":{"rendered":"<p>Juan Arcos Xalapa, Ver.- El 40 por ciento de la carretera de San Miguel Aguasuelos hacia la cabecera municipal de Naolinco est\u00e1 llena de baches y pone en riesgo a la poblaci\u00f3n. Se trata de un tramo de 5 kil\u00f3metros que comprenden esta v\u00eda de comunicaci\u00f3n, mismo que ha permanecido da\u00f1ado desde hace tiempo. Los [&hellip;]<\/p>\n","protected":false},"author":2476,"featured_media":46693,"comment_status":"open","ping_status":"open","sticky":false,"template":"","format":"standard","meta":{"_jetpack_memberships_contains_paid_content":false,"footnotes":""},"categories":[8],"tags":[],"class_list":["post-46692","post","type-post","status-publish","format-standard","has-post-thumbnail","hentry","category-region"],"jetpack_featured_media_url":"https:\/\/encuentroinformativo.com.mx\/wp-content\/uploads\/2023\/10\/cfa155d0-65ba-45d6-95d2-3efd768c70eb.jpg","jetpack_sharing_enabled":true,"jetpack_likes_enabled":true,"amp_enabled":true,"_links":{"self":[{"href":"https:\/\/encuentroinformativo.com.mx\/index.php?rest_route=\/wp\/v2\/posts\/46692","targetHints":{"allow":["GET"]}}],"collection":[{"href":"https:\/\/encuentroinformativo.com.mx\/index.php?rest_route=\/wp\/v2\/posts"}],"about":[{"href":"https:\/\/encuentroinformativo.com.mx\/index.php?rest_route=\/wp\/v2\/types\/post"}],"author":[{"embeddable":true,"href":"https:\/\/encuentroinformativo.com.mx\/index.php?rest_route=\/wp\/v2\/users\/2476"}],"replies":[{"embeddable":true,"href":"https:\/\/encuentroinformativo.com.mx\/index.php?rest_route=%2Fwp%2Fv2%2Fcomments&post=46692"}],"version-history":[{"count":1,"href":"https:\/\/encuentroinformativo.com.mx\/index.php?rest_route=\/wp\/v2\/posts\/46692\/revisions"}],"predecessor-version":[{"id":46695,"href":"https:\/\/encuentroinformativo.com.mx\/index.php?rest_route=\/wp\/v2\/posts\/46692\/revisions\/46695"}],"wp:featuredmedia":[{"embeddable":true,"href":"https:\/\/encuentroinformativo.com.mx\/index.php?rest_route=\/wp\/v2\/media\/46693"}],"wp:attachment":[{"href":"https:\/\/encuentroinformativo.com.mx\/index.php?rest_route=%2Fwp%2Fv2%2Fmedia&parent=46692"}],"wp:term":[{"taxonomy":"category","embeddable":true,"href":"https:\/\/encuentroinformativo.com.mx\/index.php?rest_route=%2Fwp%2Fv2%2Fcategories&post=46692"},{"taxonomy":"post_tag","embeddable":true,"href":"https:\/\/encuentroinformativo.com.mx\/index.php?rest_route=%2Fwp%2Fv2%2Ftags&post=46692"}],"curies":[{"name":"wp","href":"https:\/\/api.w.org\/{rel}","templated":true}]}}