{"id":46696,"date":"2023-10-20T16:03:22","date_gmt":"2023-10-20T22:03:22","guid":{"rendered":"https:\/\/encuentroinformativo.com.mx\/?p=46696"},"modified":"2023-10-20T16:03:26","modified_gmt":"2023-10-20T22:03:26","slug":"refrenda-ayuntamiento-xalapeno-compromiso-con-el-medio-ambiente","status":"publish","type":"post","link":"https:\/\/encuentroinformativo.com.mx\/?p=46696","title":{"rendered":"Refrenda ayuntamiento xalape\u00f1o compromiso con el medio ambiente"},"content":{"rendered":"\n<p>Xalapa, Ver.- En Xalapa, el medio ambiente es una prioridad, y prueba de ello es la adquisici\u00f3n de 120 mil metros de superficies boscosas que hoy son reservas naturales, as\u00ed como la inversi\u00f3n de varios millones de pesos en colectores y drenajes sanitarios para evitar la contaminaci\u00f3n, afirm\u00f3 el presidente municipal Ricardo Ahued Bardahuil.<\/p>\n\n\n\n<p>En el marco de la presentaci\u00f3n del cuarto \u201cAmbient\u00f3n, festival ecol\u00f3gico\u201d, que organizan autoridades estatales en colaboraci\u00f3n con el Ayuntamiento y la iniciativa privada, el Edil detall\u00f3 que el medio ambiente est\u00e1 en el centro de las pol\u00edticas p\u00fablicas de este Ayuntamiento.<\/p>\n\n\n\n<p>Expuso que adem\u00e1s de la adquisici\u00f3n de los predios de Barranca Honda y el Parque Ecol\u00f3gico Owen, que suman 120 mil metros de reserva natural, se proyecta la adquisici\u00f3n de cerca de 300 mil metros cuadrados de reserva protegida durante esta Administraci\u00f3n.<\/p>\n\n\n\n<p>Destac\u00f3 que con el apoyo del Gobierno del Estado se han plantado miles de \u00e1rboles en diversas jornadas de reforestaci\u00f3n y realizado inversiones importantes en los colectores pluviales Coatzacoalcos, Divisi\u00f3n del Norte y Hern\u00e1ndez Castillo.<\/p>\n\n\n\n<p>Por su parte, dijo, la Comisi\u00f3n Municipal de Agua Potable y Saneamiento (CMAS) construye infraestructura hidr\u00e1ulica y sanitaria en m\u00e1s de 200 calles con una inversi\u00f3n de 235 millones de pesos, con el fin de dejar de verter aguas residuales y descargas sanitarias que da\u00f1an el entorno urbano.<\/p>\n\n\n\n<p>Finalmente, ofreci\u00f3 todo el apoyo del Ayuntamiento para que el \u201cAmbient\u00f3n, festival ecol\u00f3gico\u201d, sea todo un \u00e9xito.<\/p>\n\n\n\n<p>El evento se desarrollar\u00e1 del 16 al 18 de noviembre en diversos espacios p\u00fablicos del municipio para fomentar la conciencia y cuidado ambiental, a trav\u00e9s de ponencias magistrales, campa\u00f1as de acopio de residuos de manejo especial y actividades de reforestaci\u00f3n, entre otras, para cerrar el 18 de noviembre con un concierto de la banda musical La Adictiva, en el Vel\u00f3dromo de Xalapa.<\/p>\n\n\n\n<p>A la presentaci\u00f3n asistieron la regidora Martha Valentina Dom\u00ednguez V\u00e1squez; los regidores Antonio Ballesteros Grayeb y Daniel Fern\u00e1ndez Carri\u00f3n; el secretario de Medio Ambiente, Juan Carlos Contreras Bautista; el procurador estatal de Protecci\u00f3n al Medio Ambiente, Sergio Rodr\u00edguez Cort\u00e9s, as\u00ed como representantes de la iniciativa privada y funcionariado municipal y estatal.<\/p>\n","protected":false},"excerpt":{"rendered":"<p>Xalapa, Ver.- En Xalapa, el medio ambiente es una prioridad, y prueba de ello es la adquisici\u00f3n de 120 mil metros de superficies boscosas que hoy son reservas naturales, as\u00ed como la inversi\u00f3n de varios millones de pesos en colectores y drenajes sanitarios para evitar la contaminaci\u00f3n, afirm\u00f3 el presidente municipal Ricardo Ahued Bardahuil. En [&hellip;]<\/p>\n","protected":false},"author":2476,"featured_media":46697,"comment_status":"open","ping_status":"open","sticky":false,"template":"","format":"standard","meta":{"_jetpack_memberships_contains_paid_content":false,"footnotes":""},"categories":[3],"tags":[],"class_list":["post-46696","post","type-post","status-publish","format-standard","has-post-thumbnail","hentry","category-xalapa"],"jetpack_featured_media_url":"https:\/\/encuentroinformativo.com.mx\/wp-content\/uploads\/2023\/10\/IMG-20231020-WA00072.jpg","jetpack_sharing_enabled":true,"jetpack_likes_enabled":true,"amp_enabled":true,"_links":{"self":[{"href":"https:\/\/encuentroinformativo.com.mx\/index.php?rest_route=\/wp\/v2\/posts\/46696","targetHints":{"allow":["GET"]}}],"collection":[{"href":"https:\/\/encuentroinformativo.com.mx\/index.php?rest_route=\/wp\/v2\/posts"}],"about":[{"href":"https:\/\/encuentroinformativo.com.mx\/index.php?rest_route=\/wp\/v2\/types\/post"}],"author":[{"embeddable":true,"href":"https:\/\/encuentroinformativo.com.mx\/index.php?rest_route=\/wp\/v2\/users\/2476"}],"replies":[{"embeddable":true,"href":"https:\/\/encuentroinformativo.com.mx\/index.php?rest_route=%2Fwp%2Fv2%2Fcomments&post=46696"}],"version-history":[{"count":1,"href":"https:\/\/encuentroinformativo.com.mx\/index.php?rest_route=\/wp\/v2\/posts\/46696\/revisions"}],"predecessor-version":[{"id":46698,"href":"https:\/\/encuentroinformativo.com.mx\/index.php?rest_route=\/wp\/v2\/posts\/46696\/revisions\/46698"}],"wp:featuredmedia":[{"embeddable":true,"href":"https:\/\/encuentroinformativo.com.mx\/index.php?rest_route=\/wp\/v2\/media\/46697"}],"wp:attachment":[{"href":"https:\/\/encuentroinformativo.com.mx\/index.php?rest_route=%2Fwp%2Fv2%2Fmedia&parent=46696"}],"wp:term":[{"taxonomy":"category","embeddable":true,"href":"https:\/\/encuentroinformativo.com.mx\/index.php?rest_route=%2Fwp%2Fv2%2Fcategories&post=46696"},{"taxonomy":"post_tag","embeddable":true,"href":"https:\/\/encuentroinformativo.com.mx\/index.php?rest_route=%2Fwp%2Fv2%2Ftags&post=46696"}],"curies":[{"name":"wp","href":"https:\/\/api.w.org\/{rel}","templated":true}]}}