{"id":4670,"date":"2020-08-05T16:49:39","date_gmt":"2020-08-05T21:49:39","guid":{"rendered":"https:\/\/encuentroinformativo.com\/?p=4670"},"modified":"2020-08-05T16:49:41","modified_gmt":"2020-08-05T21:49:41","slug":"locatarios-niegan-brote-de-covid-en-el-galeana","status":"publish","type":"post","link":"https:\/\/encuentroinformativo.com.mx\/?p=4670","title":{"rendered":"Locatarios niegan brote de Covid en el Galeana"},"content":{"rendered":"\n<p><strong>Juan Arcos <\/strong><\/p>\n\n\n\n<p>Xalapa, Ver.- Benjam\u00edn Ruiz Lim\u00f3n, locatario del mercado Galeana, rechaz\u00f3 que haya un brote de SARS-COV-2 (COVID-19) en el recinto comercial.<\/p>\n\n\n\n<p>El entrevistado consider\u00f3 que la denuncia que realiz\u00f3 Catalina Ruiz Cort\u00e9s en redes sociales, para alertar a la poblaci\u00f3n por dicha situaci\u00f3n, s\u00f3lo busca afectar las ventas de los comerciantes.<\/p>\n\n\n\n<p>La se\u00f1ora mencion\u00f3 en un video que su padre falleci\u00f3 hace 15 d\u00edas de coronavirus y contrajo la enfermedad en ese mercado, ubicado sobre la calle Poeta Jes\u00fas D\u00edaz de esta ciudad.<\/p>\n\n\n\n<p>\u201cHasta ahorita que yo sepa no (ha habido casos de COVID-19). Solo nos trata de perjudicar. El pap\u00e1 de esa ni\u00f1a (Catalina) estaba alejado desde hace a\u00f1os\u201d.<\/p>\n\n\n\n<p>El comerciante mencion\u00f3 que al interior del mercado Galeana se aplican las medidas sanitarias pertinentes para evitar contagios.<\/p>\n\n\n\n<p>En ese sentido, lament\u00f3 que el video de Catalina haya tenido una amplia difusi\u00f3n en medios de comunicaci\u00f3n.<\/p>\n\n\n\n<p>Ruiz Lim\u00f3n refiri\u00f3 que sus ventas han bajado hasta 60 por ciento por la pandemia y, a su juicio, ese tipo de denuncias ciudadanas afectan a\u00fan m\u00e1s su actividad comercial.<\/p>\n\n\n\n<p>\u201cEl video nos peg\u00f3, la gente nos pregunta, pero que no, vengan a ver. Las ventas han bajado hasta en un 60 por ciento\u201d, agreg\u00f3.<\/p>\n\n\n\n<p>Adem\u00e1s, algunos locales del mercado Galeana permanecen cerrados por las bajas ventas que han registrado algunos vendedores.<\/p>\n\n\n\n<p><\/p>\n","protected":false},"excerpt":{"rendered":"<p>Juan Arcos Xalapa, Ver.- Benjam\u00edn Ruiz Lim\u00f3n, locatario del mercado Galeana, rechaz\u00f3 que haya un brote de SARS-COV-2 (COVID-19) en el recinto comercial. El entrevistado consider\u00f3 que la denuncia que realiz\u00f3 Catalina Ruiz Cort\u00e9s en redes sociales, para alertar a la poblaci\u00f3n por dicha situaci\u00f3n, s\u00f3lo busca afectar las ventas de los comerciantes. La se\u00f1ora [&hellip;]<\/p>\n","protected":false},"author":1,"featured_media":4671,"comment_status":"open","ping_status":"open","sticky":false,"template":"","format":"standard","meta":{"_jetpack_memberships_contains_paid_content":false,"footnotes":""},"categories":[9],"tags":[],"class_list":["post-4670","post","type-post","status-publish","format-standard","has-post-thumbnail","hentry","category-salud"],"jetpack_featured_media_url":"https:\/\/encuentroinformativo.com.mx\/wp-content\/uploads\/2020\/08\/35E415AC-A898-465D-8F06-219A5D112BF9.jpeg","jetpack_sharing_enabled":true,"jetpack_likes_enabled":true,"amp_enabled":true,"_links":{"self":[{"href":"https:\/\/encuentroinformativo.com.mx\/index.php?rest_route=\/wp\/v2\/posts\/4670","targetHints":{"allow":["GET"]}}],"collection":[{"href":"https:\/\/encuentroinformativo.com.mx\/index.php?rest_route=\/wp\/v2\/posts"}],"about":[{"href":"https:\/\/encuentroinformativo.com.mx\/index.php?rest_route=\/wp\/v2\/types\/post"}],"author":[{"embeddable":true,"href":"https:\/\/encuentroinformativo.com.mx\/index.php?rest_route=\/wp\/v2\/users\/1"}],"replies":[{"embeddable":true,"href":"https:\/\/encuentroinformativo.com.mx\/index.php?rest_route=%2Fwp%2Fv2%2Fcomments&post=4670"}],"version-history":[{"count":1,"href":"https:\/\/encuentroinformativo.com.mx\/index.php?rest_route=\/wp\/v2\/posts\/4670\/revisions"}],"predecessor-version":[{"id":4672,"href":"https:\/\/encuentroinformativo.com.mx\/index.php?rest_route=\/wp\/v2\/posts\/4670\/revisions\/4672"}],"wp:featuredmedia":[{"embeddable":true,"href":"https:\/\/encuentroinformativo.com.mx\/index.php?rest_route=\/wp\/v2\/media\/4671"}],"wp:attachment":[{"href":"https:\/\/encuentroinformativo.com.mx\/index.php?rest_route=%2Fwp%2Fv2%2Fmedia&parent=4670"}],"wp:term":[{"taxonomy":"category","embeddable":true,"href":"https:\/\/encuentroinformativo.com.mx\/index.php?rest_route=%2Fwp%2Fv2%2Fcategories&post=4670"},{"taxonomy":"post_tag","embeddable":true,"href":"https:\/\/encuentroinformativo.com.mx\/index.php?rest_route=%2Fwp%2Fv2%2Ftags&post=4670"}],"curies":[{"name":"wp","href":"https:\/\/api.w.org\/{rel}","templated":true}]}}